{"id":2347,"date":"2014-10-23T21:52:46","date_gmt":"2014-10-23T19:52:46","guid":{"rendered":"http:\/\/kuratorium-kommende-lengmoos.com\/ritten\/?p=2347"},"modified":"2016-02-12T20:24:15","modified_gmt":"2016-02-12T18:24:15","slug":"puureschlaui-gschichte","status":"publish","type":"post","link":"https:\/\/kuratorium-kommende-lengmoos.com\/ritten\/puureschlaui-gschichte\/","title":{"rendered":"Puureschlaui Gschichte"},"content":{"rendered":"<p><strong>\u201eBauernschlaue Geschichten\u201c<br \/>\nEin Schweizerabend mit J\u00fcrg Steigmeier (Erz\u00e4hler) und Landstreichmusik<\/strong><br \/>\nMatthias Lincke (Geige, Gesang), Simon Dettwiler (Schwyzer\u00f6rgeli), Dide Marfurt (Halszither, Drehleier, Sackpfeife, Tr\u00fcmpi, Trommel)<\/p>\n<p>\u201ePuureschlau\u201c nennt der Erz\u00e4hler J\u00fcrg Steigmeier eine lose Folge von Sagen, M\u00e4rchen und Liedern, die meistens irgendwo aus den Alpent\u00e4lern, z. B. aus dem Wallis oder dem Berner Oberland stammen, wo sich alles, was nicht so ganz mit dem Verstand zu erfassen ist, besonders lange gehalten hat. Und wer wei\u00df, vielleicht sind sie ja immer noch ein bisschen da, d Heerdmanndli, d Alpg\u00e4ischter, und d Schlangek\u00f6nigin.<\/p>\n<p><strong>J\u00fcrg Steigmeier<\/strong> ist MundArtErz\u00e4hler, Schweizer Urgestein und daselbst als Vermittler helvetischen Erz\u00e4hlgutes nicht mehr wegzudenken. Seit 17 Jahren ist er in Sachen Alemannischem Kulturerbe als freischaffender Geschichtenerz\u00e4hler unterwegs. Auftritte in Radio und Fernsehen haben ihn unterdessen weit \u00fcber die Landesgrenzen hinaus bekannt gemacht.<\/p>\n<p>Seit 2010 sind die spielfreudigen <strong>\u201eLandstreicher\u201c<\/strong> rund um Matthias Lincke unterwegs und folgen den Fu\u00dfstapfen der historischen Wandergeiger und Spielleute. In ihrer stilistischen Breite und instrumentalen Farbenpracht bieten sie ein Panoptikum traditioneller, lustvoll experimenteller Schweizer Volksmusik.<\/p>\n","protected":false},"excerpt":{"rendered":"\u201eBauernschlaue Geschichten\u201c - Ein Schweizerabend mit J\u00fcrg Steigmeier (Erz\u00e4hler) und Landstreichmusik","protected":false},"author":1,"featured_media":2348,"comment_status":"closed","ping_status":"closed","sticky":false,"template":"","format":"gallery","meta":{"footnotes":""},"categories":[1],"tags":[],"class_list":["post-2347","post","type-post","status-publish","format-gallery","has-post-thumbnail","hentry","category-1","post_format-post-format-gallery","cat-1-id"],"publishpress_future_action":{"enabled":false,"date":"2026-05-06 10:15:38","action":"change-status","newStatus":"private","terms":[],"taxonomy":"category","extraData":[]},"publishpress_future_workflow_manual_trigger":{"enabledWorkflows":[]},"_links":{"self":[{"href":"https:\/\/kuratorium-kommende-lengmoos.com\/ritten\/wp-json\/wp\/v2\/posts\/2347","targetHints":{"allow":["GET"]}}],"collection":[{"href":"https:\/\/kuratorium-kommende-lengmoos.com\/ritten\/wp-json\/wp\/v2\/posts"}],"about":[{"href":"https:\/\/kuratorium-kommende-lengmoos.com\/ritten\/wp-json\/wp\/v2\/types\/post"}],"author":[{"embeddable":true,"href":"https:\/\/kuratorium-kommende-lengmoos.com\/ritten\/wp-json\/wp\/v2\/users\/1"}],"replies":[{"embeddable":true,"href":"https:\/\/kuratorium-kommende-lengmoos.com\/ritten\/wp-json\/wp\/v2\/comments?post=2347"}],"version-history":[{"count":2,"href":"https:\/\/kuratorium-kommende-lengmoos.com\/ritten\/wp-json\/wp\/v2\/posts\/2347\/revisions"}],"predecessor-version":[{"id":2351,"href":"https:\/\/kuratorium-kommende-lengmoos.com\/ritten\/wp-json\/wp\/v2\/posts\/2347\/revisions\/2351"}],"wp:featuredmedia":[{"embeddable":true,"href":"https:\/\/kuratorium-kommende-lengmoos.com\/ritten\/wp-json\/wp\/v2\/media\/2348"}],"wp:attachment":[{"href":"https:\/\/kuratorium-kommende-lengmoos.com\/ritten\/wp-json\/wp\/v2\/media?parent=2347"}],"wp:term":[{"taxonomy":"category","embeddable":true,"href":"https:\/\/kuratorium-kommende-lengmoos.com\/ritten\/wp-json\/wp\/v2\/categories?post=2347"},{"taxonomy":"post_tag","embeddable":true,"href":"https:\/\/kuratorium-kommende-lengmoos.com\/ritten\/wp-json\/wp\/v2\/tags?post=2347"}],"curies":[{"name":"wp","href":"https:\/\/api.w.org\/{rel}","templated":true}]}}