{"id":2677,"date":"2015-06-23T13:53:56","date_gmt":"2015-06-23T11:53:56","guid":{"rendered":"http:\/\/kuratorium-kommende-lengmoos.com\/ritten\/?p=2677"},"modified":"2016-06-23T23:19:18","modified_gmt":"2016-06-23T21:19:18","slug":"collage-barocke-perspektiven","status":"publish","type":"post","link":"https:\/\/kuratorium-kommende-lengmoos.com\/ritten\/collage-barocke-perspektiven\/","title":{"rendered":"Collage &#8211; Barocke Perspektiven"},"content":{"rendered":"<p><i>mit dem Ensemble <\/i><i>La Douceur et L\u2019Esprit<br \/>\n<\/i>Veronika Egger (Violine, Viola da Gamba),\u00a0Marianna Bisacchi (Cembalo),\u00a0Nadia Prousch (Blockfl\u00f6te),\u00a0Anika Dobreff (Oboe)<\/p>\n<p><i>La douceur et l\u2019esprit<\/i> - das S\u00fc\u00dfe und das Lebhafte - ziehen sich wie ein roter Faden durch das gesamte Repertoire des Ensembles.<br \/>\nDas Ensemble legt seinen Schwerpunkt auf die Interpretation der affektreichen und ausdrucksstarken Musik des 18. Jahrhunderts. Die Besetzung Violine, Oboe, Blockfl\u00f6te, Viola da Gamba und Cembalo ist geradezu pr\u00e4destiniert f\u00fcr das reiche Kammermusikwerk deutscher Komponisten wie Telemann und Fasch, aber auch f\u00fcr italienische und franz\u00f6sische Komponisten wie Corelli, Vivaldi oder Morel.<br \/>\nNeben diesen f\u00fchlt sich das Ensemble auch dem fr\u00fchbarocken und zeitgen\u00f6ssischen Repertoire verpflichtet, das durch Komponisten wie Merula oder Riccio bzw. Radulescu oder Resch vertreten ist.<\/p>\n","protected":false},"excerpt":{"rendered":"mit dem Ensemble La Douceur et L\u2019Esprit\r\nVeronika Egger (Violine, Viola da Gamba), Marianna Bisacchi (Cembalo), Nadia Prousch (Blockfl\u00f6te), Anika Dobreff (Oboe)...","protected":false},"author":3,"featured_media":2631,"comment_status":"closed","ping_status":"closed","sticky":false,"template":"","format":"standard","meta":{"footnotes":""},"categories":[1],"tags":[65,48,72,78],"class_list":["post-2677","post","type-post","status-publish","format-standard","has-post-thumbnail","hentry","category-1","tag-events-am-ritten","tag-kommende-lengmoos","tag-kuratorium-kommende-lengmoos","tag-la-douceur-et-lesprit","cat-1-id"],"publishpress_future_action":{"enabled":false,"date":"2026-05-07 21:26:37","action":"change-status","newStatus":"private","terms":[],"taxonomy":"category","extraData":[]},"publishpress_future_workflow_manual_trigger":{"enabledWorkflows":[]},"_links":{"self":[{"href":"https:\/\/kuratorium-kommende-lengmoos.com\/ritten\/wp-json\/wp\/v2\/posts\/2677","targetHints":{"allow":["GET"]}}],"collection":[{"href":"https:\/\/kuratorium-kommende-lengmoos.com\/ritten\/wp-json\/wp\/v2\/posts"}],"about":[{"href":"https:\/\/kuratorium-kommende-lengmoos.com\/ritten\/wp-json\/wp\/v2\/types\/post"}],"author":[{"embeddable":true,"href":"https:\/\/kuratorium-kommende-lengmoos.com\/ritten\/wp-json\/wp\/v2\/users\/3"}],"replies":[{"embeddable":true,"href":"https:\/\/kuratorium-kommende-lengmoos.com\/ritten\/wp-json\/wp\/v2\/comments?post=2677"}],"version-history":[{"count":1,"href":"https:\/\/kuratorium-kommende-lengmoos.com\/ritten\/wp-json\/wp\/v2\/posts\/2677\/revisions"}],"predecessor-version":[{"id":2678,"href":"https:\/\/kuratorium-kommende-lengmoos.com\/ritten\/wp-json\/wp\/v2\/posts\/2677\/revisions\/2678"}],"wp:featuredmedia":[{"embeddable":true,"href":"https:\/\/kuratorium-kommende-lengmoos.com\/ritten\/wp-json\/wp\/v2\/media\/2631"}],"wp:attachment":[{"href":"https:\/\/kuratorium-kommende-lengmoos.com\/ritten\/wp-json\/wp\/v2\/media?parent=2677"}],"wp:term":[{"taxonomy":"category","embeddable":true,"href":"https:\/\/kuratorium-kommende-lengmoos.com\/ritten\/wp-json\/wp\/v2\/categories?post=2677"},{"taxonomy":"post_tag","embeddable":true,"href":"https:\/\/kuratorium-kommende-lengmoos.com\/ritten\/wp-json\/wp\/v2\/tags?post=2677"}],"curies":[{"name":"wp","href":"https:\/\/api.w.org\/{rel}","templated":true}]}}