{"id":2711,"date":"2015-09-09T20:23:49","date_gmt":"2015-09-09T18:23:49","guid":{"rendered":"http:\/\/kuratorium-kommende-lengmoos.com\/ritten\/?p=2711"},"modified":"2016-09-13T17:12:35","modified_gmt":"2016-09-13T15:12:35","slug":"weiss-wie-schnee-rot-wie-blut-schwarz-wie-ebenholz","status":"publish","type":"post","link":"https:\/\/kuratorium-kommende-lengmoos.com\/ritten\/weiss-wie-schnee-rot-wie-blut-schwarz-wie-ebenholz\/","title":{"rendered":"Wei\u00df wie Schnee, rot wie Blut, schwarz wie Ebenholz"},"content":{"rendered":"<p><i>Fragmente aus dem Faneszyklus<br \/>\nEin Musik-Erz\u00e4hlprojekt mit Musik von Chris Haller<\/i><\/p>\n<p>Heike Vigl (Erz\u00e4hlerin, Fl\u00f6te) &amp; Reinhilde Gamper (Zither)<\/p>\n<p>Inspirationsquelle f\u00fcr das Musik-Erz\u00e4hlprojekt waren die Sagen rund um das Fanesreich in den Dolomiten. M\u00fcndlich wurden diese von Generation zu Generation weitergegeben. Doch als Karl Felix Wolff diese Sagen zu Beginn des 20. Jahrhunderts entdeckte, stand er vor einem Tr\u00fcmmerhaufen. Die Sagen waren nur mehr bruchst\u00fcckhaft erhalten. Er sammelte, was noch da war und formte daraus die heute ber\u00fchmten Dolomitensagen. Seither haben sich immer wieder Schriftsteller\/innen, K\u00fcnstler\/innen und Wissenschaftler\/innen mit dieser faszinierenden Sagenwelt auseinandergesetzt.<br \/>\nIn<i> Wei\u00df wie Schnee, rot wie Blut, schwarz wie Ebenholz<\/i> verbinden sich Erz\u00e4hlkunst, akustisch gespielte Musik und elektronische Klangtechnik zu einem faszinierenden Ganzen und geben einem uralten Erz\u00e4hlstoff einen v\u00f6llig neuen und frischen Anstrich: Es\u00a0 entsteht Kino im Kopf. Das macht neugierig!<\/p>\n<p><b>Heike Vigl <\/b>erweckt mit ihrer luftigen und griffigen Erz\u00e4hlart Geschichten zu neuem Leben.<\/p>\n<p><b>Reinhilde Gamper<\/b> versetzt mit ihrem unerwartet vielsaitigen Instrument ins Staunen.<\/p>\n<p><b>Chris Haller<\/b> (M\u00fcnchen\/Sterzing) besticht durch eine klare und moderne Tonsprache, die sich im Genre der modernen Filmmusik bewegt.<\/p>\n","protected":false},"excerpt":{"rendered":"Fragmente aus dem Faneszyklus\r\nEin Musik-Erz\u00e4hlprojekt mit Musik von Chris Haller\r\nHeike Vigl (Erz\u00e4hlerin, Fl\u00f6te) &#038; Reinhilde Gamper (Zither)","protected":false},"author":3,"featured_media":2712,"comment_status":"closed","ping_status":"closed","sticky":false,"template":"","format":"gallery","meta":{"footnotes":""},"categories":[1],"tags":[93,96,95,97,89,65,94,91,48,72,92],"class_list":["post-2711","post","type-post","status-publish","format-gallery","has-post-thumbnail","hentry","category-1","tag-chris-haller","tag-dolasilla","tag-dolomitensagen","tag-erzaehlerin","tag-erzaehlkunst","tag-events-am-ritten","tag-fanes","tag-heike-vigl","tag-kommende-lengmoos","tag-kuratorium-kommende-lengmoos","tag-reinhilde-gamper","post_format-post-format-gallery","cat-1-id"],"publishpress_future_action":{"enabled":false,"date":"2026-05-09 10:17:05","action":"change-status","newStatus":"private","terms":[],"taxonomy":"category","extraData":[]},"publishpress_future_workflow_manual_trigger":{"enabledWorkflows":[]},"_links":{"self":[{"href":"https:\/\/kuratorium-kommende-lengmoos.com\/ritten\/wp-json\/wp\/v2\/posts\/2711","targetHints":{"allow":["GET"]}}],"collection":[{"href":"https:\/\/kuratorium-kommende-lengmoos.com\/ritten\/wp-json\/wp\/v2\/posts"}],"about":[{"href":"https:\/\/kuratorium-kommende-lengmoos.com\/ritten\/wp-json\/wp\/v2\/types\/post"}],"author":[{"embeddable":true,"href":"https:\/\/kuratorium-kommende-lengmoos.com\/ritten\/wp-json\/wp\/v2\/users\/3"}],"replies":[{"embeddable":true,"href":"https:\/\/kuratorium-kommende-lengmoos.com\/ritten\/wp-json\/wp\/v2\/comments?post=2711"}],"version-history":[{"count":1,"href":"https:\/\/kuratorium-kommende-lengmoos.com\/ritten\/wp-json\/wp\/v2\/posts\/2711\/revisions"}],"predecessor-version":[{"id":2718,"href":"https:\/\/kuratorium-kommende-lengmoos.com\/ritten\/wp-json\/wp\/v2\/posts\/2711\/revisions\/2718"}],"wp:featuredmedia":[{"embeddable":true,"href":"https:\/\/kuratorium-kommende-lengmoos.com\/ritten\/wp-json\/wp\/v2\/media\/2712"}],"wp:attachment":[{"href":"https:\/\/kuratorium-kommende-lengmoos.com\/ritten\/wp-json\/wp\/v2\/media?parent=2711"}],"wp:term":[{"taxonomy":"category","embeddable":true,"href":"https:\/\/kuratorium-kommende-lengmoos.com\/ritten\/wp-json\/wp\/v2\/categories?post=2711"},{"taxonomy":"post_tag","embeddable":true,"href":"https:\/\/kuratorium-kommende-lengmoos.com\/ritten\/wp-json\/wp\/v2\/tags?post=2711"}],"curies":[{"name":"wp","href":"https:\/\/api.w.org\/{rel}","templated":true}]}}