{"id":2842,"date":"2016-07-07T14:49:41","date_gmt":"2016-07-07T12:49:41","guid":{"rendered":"http:\/\/kuratorium-kommende-lengmoos.com\/ritten\/?p=2842"},"modified":"2017-11-03T15:29:50","modified_gmt":"2017-11-03T13:29:50","slug":"orgel-plus-cello","status":"publish","type":"post","link":"https:\/\/kuratorium-kommende-lengmoos.com\/ritten\/orgel-plus-cello\/","title":{"rendered":"Orgel plus&#8230;Cello"},"content":{"rendered":"<p align=\"LEFT\">Die beiden Rittner Anna Egger und Nikita Gasser bieten mit ihrem Konzert in der Pfarrkirche Lengmoos eine gro\u00dfe Bandbreite an selten geh\u00f6rter Literatur f\u00fcr Cello und Orgel dar. Barocke und romantische, aber auch zeitgen\u00f6ssische Meisterwerke erklingen, die mit dramatischen Kontrasten aufwarten: von aufgew\u00fchlt und gespannt bis hin zu ruhig und meditativ.<\/p>\n<p><strong>\u00a0<\/strong><\/p>\n","protected":false},"excerpt":{"rendered":"Die beiden Rittner Anna Egger und Nikita Gasser bieten mit ihrem Konzert in der Pfarrkirche Lengmoos eine gro\u00dfe Bandbreite an selten geh\u00f6rter Literatur f\u00fcr Cello und Orgel dar.","protected":false},"author":5,"featured_media":2854,"comment_status":"closed","ping_status":"closed","sticky":false,"template":"","format":"gallery","meta":{"footnotes":""},"categories":[1],"tags":[119,65,48,118,120],"class_list":["post-2842","post","type-post","status-publish","format-gallery","has-post-thumbnail","hentry","category-1","tag-anna-egger","tag-events-am-ritten","tag-kommende-lengmoos","tag-konzert-ritten","tag-nikita-gasser","post_format-post-format-gallery","cat-1-id"],"publishpress_future_action":{"enabled":false,"date":"2026-05-08 19:20:30","action":"change-status","newStatus":"private","terms":[],"taxonomy":"category","extraData":[]},"publishpress_future_workflow_manual_trigger":{"enabledWorkflows":[]},"_links":{"self":[{"href":"https:\/\/kuratorium-kommende-lengmoos.com\/ritten\/wp-json\/wp\/v2\/posts\/2842","targetHints":{"allow":["GET"]}}],"collection":[{"href":"https:\/\/kuratorium-kommende-lengmoos.com\/ritten\/wp-json\/wp\/v2\/posts"}],"about":[{"href":"https:\/\/kuratorium-kommende-lengmoos.com\/ritten\/wp-json\/wp\/v2\/types\/post"}],"author":[{"embeddable":true,"href":"https:\/\/kuratorium-kommende-lengmoos.com\/ritten\/wp-json\/wp\/v2\/users\/5"}],"replies":[{"embeddable":true,"href":"https:\/\/kuratorium-kommende-lengmoos.com\/ritten\/wp-json\/wp\/v2\/comments?post=2842"}],"version-history":[{"count":2,"href":"https:\/\/kuratorium-kommende-lengmoos.com\/ritten\/wp-json\/wp\/v2\/posts\/2842\/revisions"}],"predecessor-version":[{"id":2945,"href":"https:\/\/kuratorium-kommende-lengmoos.com\/ritten\/wp-json\/wp\/v2\/posts\/2842\/revisions\/2945"}],"wp:featuredmedia":[{"embeddable":true,"href":"https:\/\/kuratorium-kommende-lengmoos.com\/ritten\/wp-json\/wp\/v2\/media\/2854"}],"wp:attachment":[{"href":"https:\/\/kuratorium-kommende-lengmoos.com\/ritten\/wp-json\/wp\/v2\/media?parent=2842"}],"wp:term":[{"taxonomy":"category","embeddable":true,"href":"https:\/\/kuratorium-kommende-lengmoos.com\/ritten\/wp-json\/wp\/v2\/categories?post=2842"},{"taxonomy":"post_tag","embeddable":true,"href":"https:\/\/kuratorium-kommende-lengmoos.com\/ritten\/wp-json\/wp\/v2\/tags?post=2842"}],"curies":[{"name":"wp","href":"https:\/\/api.w.org\/{rel}","templated":true}]}}