{"id":2858,"date":"2016-09-30T15:21:10","date_gmt":"2016-09-30T13:21:10","guid":{"rendered":"http:\/\/kuratorium-kommende-lengmoos.com\/ritten\/?p=2858"},"modified":"2017-11-03T15:29:50","modified_gmt":"2017-11-03T13:29:50","slug":"kinderkonzert-peter-und-der-wolf","status":"publish","type":"post","link":"https:\/\/kuratorium-kommende-lengmoos.com\/ritten\/kinderkonzert-peter-und-der-wolf\/","title":{"rendered":"Kinderkonzert &#8220;Peter und der Wolf&#8221;"},"content":{"rendered":"<p>Wie oft hat der Gro\u00dfvater seinen Enkel Peter nicht schon ermahnt, die Gartent\u00fcr immer fest hinter sich zu schlie\u00dfen. Denn was, wenn der Wolf aus dem Wald kommt? Doch Peter hat keine Angst! Also l\u00e4sst er eines Tages das Tor wieder offen stehen \u2013 und tats\u00e4chlich, da kommt er, der riesengro\u00dfe graue Wolf. F\u00fcr Peter und seinen Freund, den kleinen Vogel, beginnt ein tierisches Abenteuer.<br \/>\nProkofjews spannendes musikalisches M\u00e4rchen stellt den Figuren des M\u00e4rchens jeweils ein Instrument des Orchesters an die Seite, das den Tieren und Menschen der Handlung mit charakterisierenden Melodien ein musikalisches Gesicht gibt.<\/p>\n<p>Toni Taschler - Sprecher<br \/>\nMelim Quartett: Monika Federspieler - Fl\u00f6te, Lukas Runggaldier - Oboe, Monika Steger - Klarinette, Ingrid Gantioler - Fagott, Egon Lardschneider - Horn<\/p>\n","protected":false},"excerpt":{"rendered":"Wie oft hat der Gro\u00dfvater seinen Enkel Peter nicht schon ermahnt, die Gartent\u00fcr immer fest hinter sich zu schlie\u00dfen. Denn was, wenn der Wolf aus dem Wald kommt? ","protected":false},"author":5,"featured_media":2860,"comment_status":"closed","ping_status":"closed","sticky":false,"template":"","format":"standard","meta":{"footnotes":""},"categories":[1],"tags":[65,126,48,118,124,123,125],"class_list":["post-2858","post","type-post","status-publish","format-standard","has-post-thumbnail","hentry","category-1","tag-events-am-ritten","tag-kinderkonzert","tag-kommende-lengmoos","tag-konzert-ritten","tag-melim-quartett","tag-peter-und-der-wolf","tag-toni-taschler","cat-1-id"],"publishpress_future_action":{"enabled":false,"date":"2026-05-09 11:05:34","action":"change-status","newStatus":"private","terms":[],"taxonomy":"category","extraData":[]},"publishpress_future_workflow_manual_trigger":{"enabledWorkflows":[]},"_links":{"self":[{"href":"https:\/\/kuratorium-kommende-lengmoos.com\/ritten\/wp-json\/wp\/v2\/posts\/2858","targetHints":{"allow":["GET"]}}],"collection":[{"href":"https:\/\/kuratorium-kommende-lengmoos.com\/ritten\/wp-json\/wp\/v2\/posts"}],"about":[{"href":"https:\/\/kuratorium-kommende-lengmoos.com\/ritten\/wp-json\/wp\/v2\/types\/post"}],"author":[{"embeddable":true,"href":"https:\/\/kuratorium-kommende-lengmoos.com\/ritten\/wp-json\/wp\/v2\/users\/5"}],"replies":[{"embeddable":true,"href":"https:\/\/kuratorium-kommende-lengmoos.com\/ritten\/wp-json\/wp\/v2\/comments?post=2858"}],"version-history":[{"count":2,"href":"https:\/\/kuratorium-kommende-lengmoos.com\/ritten\/wp-json\/wp\/v2\/posts\/2858\/revisions"}],"predecessor-version":[{"id":2864,"href":"https:\/\/kuratorium-kommende-lengmoos.com\/ritten\/wp-json\/wp\/v2\/posts\/2858\/revisions\/2864"}],"wp:featuredmedia":[{"embeddable":true,"href":"https:\/\/kuratorium-kommende-lengmoos.com\/ritten\/wp-json\/wp\/v2\/media\/2860"}],"wp:attachment":[{"href":"https:\/\/kuratorium-kommende-lengmoos.com\/ritten\/wp-json\/wp\/v2\/media?parent=2858"}],"wp:term":[{"taxonomy":"category","embeddable":true,"href":"https:\/\/kuratorium-kommende-lengmoos.com\/ritten\/wp-json\/wp\/v2\/categories?post=2858"},{"taxonomy":"post_tag","embeddable":true,"href":"https:\/\/kuratorium-kommende-lengmoos.com\/ritten\/wp-json\/wp\/v2\/tags?post=2858"}],"curies":[{"name":"wp","href":"https:\/\/api.w.org\/{rel}","templated":true}]}}