{"id":2879,"date":"2016-06-14T23:48:37","date_gmt":"2016-06-14T21:48:37","guid":{"rendered":"http:\/\/kuratorium-kommende-lengmoos.com\/ritten\/?p=2879"},"modified":"2017-06-21T16:25:19","modified_gmt":"2017-06-21T14:25:19","slug":"wein-weibile-und-gsong-2","status":"publish","type":"post","link":"https:\/\/kuratorium-kommende-lengmoos.com\/ritten\/wein-weibile-und-gsong-2\/","title":{"rendered":"Wein, Weibile und Gsong"},"content":{"rendered":"<div class=\"\"><b class=\"\">Wein, Weibile und Gsong\u00a0<\/b><\/div>\n<div class=\"\"><i class=\"\">Eine leicht schr\u00e4ge, literarische und musikalische Reise durch die fidel-schneidige Heimat<\/i><\/div>\n<div class=\"\"><b class=\"\">\u00a0<\/b><\/div>\n<div class=\"\"><i class=\"\">mit Texten gelesen von Christine Lasta und Toni Taschler und Musik der Gruppe CORDES Y BUTONS mit Reinhilde Gamper (Zither,Gesang), Tamara Gamper (Geige, Gesang), David Moroder (Steirische Harmonika)<\/i><\/div>\n<div class=\"\">Es war Liebe auf den ersten Blick\u2026\u00a0<span class=\"\">als die Schauspielerin Christine Lasta, der \u201eOlls-tiena\u201c Toni Taschler und die Musiker Reinhilde Gamper, Tamara Gamper und David Moroder sich zum ersten Mal auf der B\u00fchne trafen und im Quintett die Zuschauerherzen h\u00f6her schlagen lie\u00dfen.<\/span><\/div>\n<div class=\"\">LASTA\u00a0und\u00a0TASCHLER<b class=\"\">\u00a0<\/b>werden mit\u00a0\u00a0Worten um sich schmei\u00dfen, die Musiker von\u00a0CORDES Y BUTONS\u00a0 - das hei\u00df auf Ladinisch \u00fcbrigens Saiten und Kn\u00f6pfe - das Publikum umgarnen.<br class=\"\" \/>Mit Texten von\u00a0Loriot\u00a0\u00fcber\u00a0Rilke\u00a0bis hin zu Tucholsky und bet\u00f6render\u00a0Musik aus aller Welt\u00a0werden die f\u00fcnf mit dem Publikum eintauchen in die\u00a0unendlich vielen Facetten der Liebe, des Weines und der Heimat.<\/div>\n","protected":false},"excerpt":{"rendered":"Eine leicht schr\u00e4ge, literarische und musikalische Reise durch die fidel-schneidige Heimat\r\nmit Texten gelesen von Christine Lasta und Toni Taschler und Musik der Gruppe CORDES Y BUTONS mit ...","protected":false},"author":3,"featured_media":2886,"comment_status":"closed","ping_status":"closed","sticky":false,"template":"","format":"gallery","meta":{"footnotes":""},"categories":[1],"tags":[147,148,150,65,48,72,92,149,125],"class_list":["post-2879","post","type-post","status-publish","format-gallery","has-post-thumbnail","hentry","category-1","tag-christine-lasta","tag-cordes-y-butons","tag-david-moroder","tag-events-am-ritten","tag-kommende-lengmoos","tag-kuratorium-kommende-lengmoos","tag-reinhilde-gamper","tag-tamara-gamper","tag-toni-taschler","post_format-post-format-gallery","cat-1-id"],"publishpress_future_action":{"enabled":false,"date":"2026-05-08 06:20:50","action":"change-status","newStatus":"private","terms":[],"taxonomy":"category","extraData":[]},"publishpress_future_workflow_manual_trigger":{"enabledWorkflows":[]},"_links":{"self":[{"href":"https:\/\/kuratorium-kommende-lengmoos.com\/ritten\/wp-json\/wp\/v2\/posts\/2879","targetHints":{"allow":["GET"]}}],"collection":[{"href":"https:\/\/kuratorium-kommende-lengmoos.com\/ritten\/wp-json\/wp\/v2\/posts"}],"about":[{"href":"https:\/\/kuratorium-kommende-lengmoos.com\/ritten\/wp-json\/wp\/v2\/types\/post"}],"author":[{"embeddable":true,"href":"https:\/\/kuratorium-kommende-lengmoos.com\/ritten\/wp-json\/wp\/v2\/users\/3"}],"replies":[{"embeddable":true,"href":"https:\/\/kuratorium-kommende-lengmoos.com\/ritten\/wp-json\/wp\/v2\/comments?post=2879"}],"version-history":[{"count":3,"href":"https:\/\/kuratorium-kommende-lengmoos.com\/ritten\/wp-json\/wp\/v2\/posts\/2879\/revisions"}],"predecessor-version":[{"id":2917,"href":"https:\/\/kuratorium-kommende-lengmoos.com\/ritten\/wp-json\/wp\/v2\/posts\/2879\/revisions\/2917"}],"wp:featuredmedia":[{"embeddable":true,"href":"https:\/\/kuratorium-kommende-lengmoos.com\/ritten\/wp-json\/wp\/v2\/media\/2886"}],"wp:attachment":[{"href":"https:\/\/kuratorium-kommende-lengmoos.com\/ritten\/wp-json\/wp\/v2\/media?parent=2879"}],"wp:term":[{"taxonomy":"category","embeddable":true,"href":"https:\/\/kuratorium-kommende-lengmoos.com\/ritten\/wp-json\/wp\/v2\/categories?post=2879"},{"taxonomy":"post_tag","embeddable":true,"href":"https:\/\/kuratorium-kommende-lengmoos.com\/ritten\/wp-json\/wp\/v2\/tags?post=2879"}],"curies":[{"name":"wp","href":"https:\/\/api.w.org\/{rel}","templated":true}]}}