{"id":2985,"date":"2017-07-28T14:17:24","date_gmt":"2017-07-28T12:17:24","guid":{"rendered":"http:\/\/kuratorium-kommende-lengmoos.com\/ritten\/?p=2985"},"modified":"2018-07-31T14:18:33","modified_gmt":"2018-07-31T12:18:33","slug":"alaris-ensemble-2","status":"publish","type":"post","link":"https:\/\/kuratorium-kommende-lengmoos.com\/ritten\/alaris-ensemble-2\/","title":{"rendered":"Alaris Ensemble"},"content":{"rendered":"<p><strong>A<\/strong><strong>ni<\/strong> <strong>Takidse<\/strong>, Klavier <strong>Amy<\/strong> <strong>Park<\/strong>, Violine <strong>Katharina<\/strong> <strong>Egger<\/strong>, Viola <strong>Nathan<\/strong> <strong>Chizzali<\/strong>,Violoncello<\/p>\n<p>Dem Alaris-Ensemble mit den beiden S\u00fcdtiroler Musikern Katharina Egger und Nathan Chizzali, ist es ein besonderes Anliegen, mit ihrer Leidenschaft f\u00fcr die Kammermusik immer wieder besondere Kostbarkeiten der Musikgeschichte zur Auff\u00fchrung zu bringen.<\/p>\n<p>Diesmal haben die vier Musiker ein Programm im Zeichen von Robert Schumann und Ludwig van Beethoven einstudiert: das Klavierquartett op.47 und\u00a0 Fantasiest\u00fccke f\u00fcr Violoncello und Klavier von Robert und Schumann und Beethovens Klavierquartett in Es-Dur WoO 36 Nr.1<\/p>\n<p>Getroffen haben sich die vier Musiker des \u201eAlaris-Ensemble\u201c \u00a0an der \u201eHochschule f\u00fcr Musik und Theater\u201c M\u00fcnchen. Das gemeinsame Interesse an der Kammermusik brachte sie dazu in der Formation des Klavierquartetts zusammen zu arbeiten. Wichtige Impulse bei der musikalischen Arbeit erhielt das Ensemble durch Hariolf Schlichtig, Christoph Poppen und Friedemann Berger. Das Ensemble gab im Februar 2008 bei den renommierten Kammermusiktagen der \u201eHochschule f\u00fcr Musik und Theater\u201c sein Deb\u00fct, welches vom bayerischen Rundfunk mitgeschnitten wurde. Es folgten Auftritte bei verschiedenen Konzertreihen in Deutschland und Italien.<\/p>\n<p>&nbsp;<\/p>\n<p>&nbsp;<\/p>\n","protected":false},"excerpt":{"rendered":"Ani Takidse, Klavier Amy Park, Violine Katharina Egger, Viola Nathan Chizzali,Violoncello Dem Alaris-Ensemble mit den beiden S\u00fcdtiroler Musikern Katharina Egger und Nathan Chizzali, ist es ein besonderes Anliegen, mit ihrer Leidenschaft f\u00fcr die Kammermusik immer wieder besondere Kostbarkeiten der Musikgeschichte zur Auff\u00fchrung zu bringen. Diesmal haben die vier Musiker ein Programm im Zeichen von Robert Schumann und Ludwig van Beethoven&nbsp;<a href=\"https:\/\/kuratorium-kommende-lengmoos.com\/ritten\/alaris-ensemble-2\/\" class=\"read-more\">Continue Reading<\/a>","protected":false},"author":5,"featured_media":2986,"comment_status":"closed","ping_status":"closed","sticky":false,"template":"","format":"standard","meta":{"footnotes":""},"categories":[154],"tags":[156,158,159,157,48,118,72,130],"class_list":["post-2985","post","type-post","status-publish","format-standard","has-post-thumbnail","hentry","category-154","tag-alaris-ensemble","tag-amy-park","tag-ani-takidse","tag-katharina-egger","tag-kommende-lengmoos","tag-konzert-ritten","tag-kuratorium-kommende-lengmoos","tag-nathan-chizzali","cat-154-id"],"publishpress_future_action":{"enabled":false,"date":"2026-05-06 23:59:45","action":"change-status","newStatus":"private","terms":[],"taxonomy":"category","extraData":[]},"publishpress_future_workflow_manual_trigger":{"enabledWorkflows":[]},"_links":{"self":[{"href":"https:\/\/kuratorium-kommende-lengmoos.com\/ritten\/wp-json\/wp\/v2\/posts\/2985","targetHints":{"allow":["GET"]}}],"collection":[{"href":"https:\/\/kuratorium-kommende-lengmoos.com\/ritten\/wp-json\/wp\/v2\/posts"}],"about":[{"href":"https:\/\/kuratorium-kommende-lengmoos.com\/ritten\/wp-json\/wp\/v2\/types\/post"}],"author":[{"embeddable":true,"href":"https:\/\/kuratorium-kommende-lengmoos.com\/ritten\/wp-json\/wp\/v2\/users\/5"}],"replies":[{"embeddable":true,"href":"https:\/\/kuratorium-kommende-lengmoos.com\/ritten\/wp-json\/wp\/v2\/comments?post=2985"}],"version-history":[{"count":4,"href":"https:\/\/kuratorium-kommende-lengmoos.com\/ritten\/wp-json\/wp\/v2\/posts\/2985\/revisions"}],"predecessor-version":[{"id":3056,"href":"https:\/\/kuratorium-kommende-lengmoos.com\/ritten\/wp-json\/wp\/v2\/posts\/2985\/revisions\/3056"}],"wp:featuredmedia":[{"embeddable":true,"href":"https:\/\/kuratorium-kommende-lengmoos.com\/ritten\/wp-json\/wp\/v2\/media\/2986"}],"wp:attachment":[{"href":"https:\/\/kuratorium-kommende-lengmoos.com\/ritten\/wp-json\/wp\/v2\/media?parent=2985"}],"wp:term":[{"taxonomy":"category","embeddable":true,"href":"https:\/\/kuratorium-kommende-lengmoos.com\/ritten\/wp-json\/wp\/v2\/categories?post=2985"},{"taxonomy":"post_tag","embeddable":true,"href":"https:\/\/kuratorium-kommende-lengmoos.com\/ritten\/wp-json\/wp\/v2\/tags?post=2985"}],"curies":[{"name":"wp","href":"https:\/\/api.w.org\/{rel}","templated":true}]}}