{"id":3029,"date":"2017-05-18T19:45:16","date_gmt":"2017-05-18T17:45:16","guid":{"rendered":"http:\/\/kuratorium-kommende-lengmoos.com\/ritten\/?p=3029"},"modified":"2018-05-20T16:32:00","modified_gmt":"2018-05-20T14:32:00","slug":"orgel-plus-trompete","status":"publish","type":"post","link":"https:\/\/kuratorium-kommende-lengmoos.com\/ritten\/orgel-plus-trompete\/","title":{"rendered":"Orgel plus&#8230;Trompete"},"content":{"rendered":"<p><span style=\"background: white; color: #444444; font-family: 'Arial Unicode MS',sans-serif; font-size: 10.5pt;\">Seit mehreren Jahren musizieren der Organist <strong>Johannes Berger<\/strong> und der Trompeter <strong>Matthew Sadler<\/strong> zusammen. \u00a02016 gr\u00fcndeten sie das Ensemble f\u00fcr Alte Musik \u201cConcerto M\u00fcnchen\u201d mit dem Ziel ein breitgef\u00e4chertes Repertoire auf Originalinstrumenten in historisch informierter Auff\u00fchrungspraxis zu pr\u00e4sentieren. Der musikalische Austausch zwischen Italien und Deutschland ist ein Thema, dass die beiden K\u00fcnstler aus M\u00fcnchen schon l\u00e4nger\u00a0fasziniert. <\/span><span style=\"color: #444444; font-family: 'Arial Unicode MS',sans-serif; font-size: 10.5pt;\">F\u00fcr ihren Auftritt in der Pfarrkirche Lengmoos haben sie als Hauptwerke drei Konzerte italienischer Komponisten ausgesucht, welche Johann Sebastian Bach meisterhaft bearbeitet und f\u00fcr Trompete bzw. Orgel umgeschrieben hat.<\/span><\/p>\n<p><span style=\"color: #444444; font-family: 'Arial Unicode MS',sans-serif; font-size: 10.5pt;\">\u00a0<\/span><\/p>\n<p>&nbsp;<\/p>\n","protected":false},"excerpt":{"rendered":"Seit mehreren Jahren musizieren der Organist Johannes Berger und der Trompeter Matthew Sadler zusammen. \u00a02016 gr\u00fcndeten sie das Ensemble f\u00fcr Alte Musik \u201cConcerto M\u00fcnchen\u201d mit dem Ziel ein breitgef\u00e4chertes Repertoire auf Originalinstrumenten in historisch informierter Auff\u00fchrungspraxis zu pr\u00e4sentieren. Der musikalische Austausch zwischen Italien und Deutschland ist ein Thema, dass die beiden K\u00fcnstler aus M\u00fcnchen schon l\u00e4nger\u00a0fasziniert. F\u00fcr ihren Auftritt in&nbsp;<a href=\"https:\/\/kuratorium-kommende-lengmoos.com\/ritten\/orgel-plus-trompete\/\" class=\"read-more\">Continue Reading<\/a>","protected":false},"author":5,"featured_media":3032,"comment_status":"closed","ping_status":"closed","sticky":false,"template":"","format":"gallery","meta":{"footnotes":""},"categories":[154],"tags":[181,118,72,180,182],"class_list":["post-3029","post","type-post","status-publish","format-gallery","has-post-thumbnail","hentry","category-154","tag-johannes-berger","tag-konzert-ritten","tag-kuratorium-kommende-lengmoos","tag-matthew-sadler","tag-orgel-plus","post_format-post-format-gallery","cat-154-id"],"publishpress_future_action":{"enabled":false,"date":"2026-05-07 00:05:28","action":"change-status","newStatus":"private","terms":[],"taxonomy":"category","extraData":[]},"publishpress_future_workflow_manual_trigger":{"enabledWorkflows":[]},"_links":{"self":[{"href":"https:\/\/kuratorium-kommende-lengmoos.com\/ritten\/wp-json\/wp\/v2\/posts\/3029","targetHints":{"allow":["GET"]}}],"collection":[{"href":"https:\/\/kuratorium-kommende-lengmoos.com\/ritten\/wp-json\/wp\/v2\/posts"}],"about":[{"href":"https:\/\/kuratorium-kommende-lengmoos.com\/ritten\/wp-json\/wp\/v2\/types\/post"}],"author":[{"embeddable":true,"href":"https:\/\/kuratorium-kommende-lengmoos.com\/ritten\/wp-json\/wp\/v2\/users\/5"}],"replies":[{"embeddable":true,"href":"https:\/\/kuratorium-kommende-lengmoos.com\/ritten\/wp-json\/wp\/v2\/comments?post=3029"}],"version-history":[{"count":3,"href":"https:\/\/kuratorium-kommende-lengmoos.com\/ritten\/wp-json\/wp\/v2\/posts\/3029\/revisions"}],"predecessor-version":[{"id":3039,"href":"https:\/\/kuratorium-kommende-lengmoos.com\/ritten\/wp-json\/wp\/v2\/posts\/3029\/revisions\/3039"}],"wp:featuredmedia":[{"embeddable":true,"href":"https:\/\/kuratorium-kommende-lengmoos.com\/ritten\/wp-json\/wp\/v2\/media\/3032"}],"wp:attachment":[{"href":"https:\/\/kuratorium-kommende-lengmoos.com\/ritten\/wp-json\/wp\/v2\/media?parent=3029"}],"wp:term":[{"taxonomy":"category","embeddable":true,"href":"https:\/\/kuratorium-kommende-lengmoos.com\/ritten\/wp-json\/wp\/v2\/categories?post=3029"},{"taxonomy":"post_tag","embeddable":true,"href":"https:\/\/kuratorium-kommende-lengmoos.com\/ritten\/wp-json\/wp\/v2\/tags?post=3029"}],"curies":[{"name":"wp","href":"https:\/\/api.w.org\/{rel}","templated":true}]}}