{"id":3162,"date":"2017-09-28T19:27:47","date_gmt":"2017-09-28T17:27:47","guid":{"rendered":"http:\/\/kuratorium-kommende-lengmoos.com\/ritten\/?p=3162"},"modified":"2018-10-01T19:43:27","modified_gmt":"2018-10-01T17:43:27","slug":"programmaenderung-ziganoff-claudia-zadra","status":"publish","type":"post","link":"https:\/\/kuratorium-kommende-lengmoos.com\/ritten\/programmaenderung-ziganoff-claudia-zadra\/","title":{"rendered":"Programm\u00e4nderung: ZIGANOFF &#038; Claudia Zadra"},"content":{"rendered":"<p><strong>Rosa &amp; Jazzmer<br \/>\n<\/strong>Eine musikalische Reise von Bessarabien in die Ukraine,von Siebenb\u00fcrgen in den Jemen vom Gipsy-Jazz zur Klezmermusik<\/p>\n<p>Rossana Caldini - Violine<br \/>\nGigi Grata - Tuba-Sousaphon<br \/>\nRenato Morelli - Akkordeon, Gitarre<br \/>\nMichele Ometto - Gitarre<br \/>\nChristian Stanchina - Trompete, Fl\u00fcgelhorn<br \/>\nFiorenzo Zeni - Sopransaxophon, Klarinette<br \/>\nClaudia Zadra - Gesang\/Vocal<\/p>\n<p><strong>ZIGANOFF<\/strong><br \/>\nDie gemeinsamen, verloren gegangenen Wurzeln der Klezmermusik, dem Jazz der Anfangszeit und dem Gypsy-<a href=\"https:\/\/de.wikipedia.org\/wiki\/Jazz\">Jazz<\/a> oder auch Jazz <a href=\"https:\/\/de.wikipedia.org\/wiki\/Manouches\">Manouche<\/a> wieder aufdecken, das will die Jazzmer-Band ZIGANOFF. Durch eigene Arrangements wird dies wieder h\u00f6rbar. Gegr\u00fcndet wurde ZIGANOFF 2009 vom Musikethnologen Renato Morelli.<br \/>\nF\u00fcr den Name der Band steht \u00fcbrigens der aus Odessa stammende virtuose Akkordeonist Mishka Ziganoff Pate. Er war ein Roma, sprach Jiddisch und war Christ. Anfang des 19. Jh. wanderte er nach New York aus und arbeitete dort als Jazz- und Klezmermusiker.<br \/>\nZIGANOFF spielt Konzerte im In- und Ausland, arbeitet immer wieder mit der RAI (TV und Radio) zusammen, wirkt bei Theaterauff\u00fchrungen mit und gestaltet Soundtracks f\u00fcr Filme.<br \/>\nZIGANOFF hat an verschiedenen Festivals teilgenommen, u. a. beim Jazz Festival Hof \u2013 Bayern; Horizontal Vertikal Musikfestival \u2013 Grossvenediger Salzburg; Klangstadt \u2013 Hall Tirol; Trentino Book Festival; Dolomiti Ski jazz; Culturnacht \u2013 Bozen; Valsugana jazz tour; Treibhaus Festival - Innsbruck; Contrada larga \u2013 Trient; World Music Festival Carambolage - Bozen; Domeniche in Musica \u2013 Arco; Rovereto Estate Musica; Concerti di Primavera \u2013 Bozen; Laurin All That Music \u2013 Bozen; Invito all\u2019ascolto Societ\u00e0 Filarmonica - Trient; Music on Board \u2013 Tesero; BergMusikFestival \u2013 Sterzing-Ratschings; Lana Meet Jazz; Manifestazioni Garibaldine \u2013 Bezzecca; Oltre le mura-Memorie di guerra, Sospiri di pace - Ossana.<br \/>\nZIGANOFF hat mit dem Bozner Gitarristen Manuel Randi (CD und DVD), dem ukrainischen Violinisten Igor Polesitsky und dem ungarischen Cimbalomspieler Kalman Balogh zusammengearbeitet.<\/p>\n<p>Aufnahmen:<br \/>\nCD: A glezele Vayn (2011), Jazzmer suite (2014)<br \/>\nDVD: Koilen Live (2009); A glezele Vayn (2011); Ziganoff &amp; Friends (2017)<\/p>\n<p><a href=\"http:\/\/www.ziganoff.it\">www.ziganoff.it<\/a><\/p>\n<p><strong>Claudia Zadra<\/strong><br \/>\naus dem Nonstal ist eine der bekanntesten S\u00e4ngerinnen aus S\u00fcdtirol. Sie unterrichtet Gesang, besch\u00e4ftigt sich seit 15 Jahren mit Musik f\u00fcr Kinder, leitet Kinder- und Erwachsenench\u00f6re, singt bei verschiedenen Rock-, Blues- und Folkgruppen und wirkt bei verschiedenen Projekten mit (z. B. Cantiere TTT von Renato Morelli = Musiche dal Trentino, Tirolo, Transilvania). Bei ZIGANOFF interpretiert sie auf pers\u00f6nliche Art und Weise Klezmerst\u00fccke auf Jiddisch, Rum\u00e4nisch, Jemenitisch und Russisch, wobei sie besonders das j\u00fcdisch-jemenitische Repertoire von Timna Brauer ber\u00fccksichtigt.<\/p>\n","protected":false},"excerpt":{"rendered":"Rosa &#038; Jazzmer:\r\nEine musikalische Reise von Bessarabien in die Ukraine,von Siebenb\u00fcrgen in den Jemen vom Gipsy-Jazz zur Klezmermusik","protected":false},"author":3,"featured_media":3163,"comment_status":"closed","ping_status":"closed","sticky":false,"template":"","format":"standard","meta":{"footnotes":""},"categories":[154],"tags":[224,223,48,72,225,218,222],"class_list":["post-3162","post","type-post","status-publish","format-standard","has-post-thumbnail","hentry","category-154","tag-gipsyjazz","tag-klezmer","tag-kommende-lengmoos","tag-kuratorium-kommende-lengmoos","tag-renato-morelli","tag-veranstaltungen-am-ritten","tag-ziganoff","cat-154-id"],"publishpress_future_action":{"enabled":false,"date":"2026-05-07 00:05:28","action":"change-status","newStatus":"private","terms":[],"taxonomy":"category","extraData":[]},"publishpress_future_workflow_manual_trigger":{"enabledWorkflows":[]},"_links":{"self":[{"href":"https:\/\/kuratorium-kommende-lengmoos.com\/ritten\/wp-json\/wp\/v2\/posts\/3162","targetHints":{"allow":["GET"]}}],"collection":[{"href":"https:\/\/kuratorium-kommende-lengmoos.com\/ritten\/wp-json\/wp\/v2\/posts"}],"about":[{"href":"https:\/\/kuratorium-kommende-lengmoos.com\/ritten\/wp-json\/wp\/v2\/types\/post"}],"author":[{"embeddable":true,"href":"https:\/\/kuratorium-kommende-lengmoos.com\/ritten\/wp-json\/wp\/v2\/users\/3"}],"replies":[{"embeddable":true,"href":"https:\/\/kuratorium-kommende-lengmoos.com\/ritten\/wp-json\/wp\/v2\/comments?post=3162"}],"version-history":[{"count":2,"href":"https:\/\/kuratorium-kommende-lengmoos.com\/ritten\/wp-json\/wp\/v2\/posts\/3162\/revisions"}],"predecessor-version":[{"id":3165,"href":"https:\/\/kuratorium-kommende-lengmoos.com\/ritten\/wp-json\/wp\/v2\/posts\/3162\/revisions\/3165"}],"wp:featuredmedia":[{"embeddable":true,"href":"https:\/\/kuratorium-kommende-lengmoos.com\/ritten\/wp-json\/wp\/v2\/media\/3163"}],"wp:attachment":[{"href":"https:\/\/kuratorium-kommende-lengmoos.com\/ritten\/wp-json\/wp\/v2\/media?parent=3162"}],"wp:term":[{"taxonomy":"category","embeddable":true,"href":"https:\/\/kuratorium-kommende-lengmoos.com\/ritten\/wp-json\/wp\/v2\/categories?post=3162"},{"taxonomy":"post_tag","embeddable":true,"href":"https:\/\/kuratorium-kommende-lengmoos.com\/ritten\/wp-json\/wp\/v2\/tags?post=3162"}],"curies":[{"name":"wp","href":"https:\/\/api.w.org\/{rel}","templated":true}]}}