{"id":3235,"date":"2018-07-02T14:21:35","date_gmt":"2018-07-02T12:21:35","guid":{"rendered":"http:\/\/kuratorium-kommende-lengmoos.com\/ritten\/?p=3235"},"modified":"2019-07-04T14:26:46","modified_gmt":"2019-07-04T12:26:46","slug":"manu-delago-quartett-metromonk","status":"publish","type":"post","link":"https:\/\/kuratorium-kommende-lengmoos.com\/ritten\/manu-delago-quartett-metromonk\/","title":{"rendered":"Manu Delago Quartett\u00a0 &#8211; Metromonk"},"content":{"rendered":"<p>Der gefeierte Hang- und Percussion-Spieler, Produzent und Komponist Manu Delago, der f\u00fcr seinen einzigartigen musikalischen Ansatz gefeiert wird, dringt in seinem drittem Soloalbum <i>Metromonk<\/i><b> <\/b>in immer neue Klangregionen vor und erkundet dabei die unterschiedlichsten Stimmungen und Dynamiken. Indem er das Hang auf immer neue Arten spielt und bearbeitet, stehen die vielen Stimmen und Sounds dieses au\u00dfergew\u00f6hnlichen Instruments dieses Mal klar im Mittelpunkt seiner Kompositionen, die sonst nur dezent von Beats und vereinzelten Akustikinstrumenten eingerahmt werden.<br \/>\nManu Delago pr\u00e4sentiert sein neuestes Werk mit seiner Langzeitkollaborateurin Isa Kurz (vocals, violin &amp; keys), Philipp Moll (double bass) und Chris Norz (percussions).<br \/>\nTreibende Rhythmen treffen auf sph\u00e4rische Klangsch\u00f6nheiten und machen ein Konzert dieses multiinstrumentalen Ensembles durch Vielf\u00e4ltigkeit und klangliche Virtuosit\u00e4t zu einem unverzichtbaren Pflichttermin!<span class=\"Apple-converted-space\">\u00a0<\/span><\/p>\n","protected":false},"excerpt":{"rendered":"Der gefeierte Hang- und Percussion-Spieler, Produzent und Komponist Manu Delago, der f\u00fcr seinen einzigartigen musikalischen Ansatz gefeiert wird, dringt in seinem drittem ","protected":false},"author":3,"featured_media":3236,"comment_status":"closed","ping_status":"closed","sticky":false,"template":"","format":"standard","meta":{"footnotes":""},"categories":[226],"tags":[48,50,72,255,256,218],"class_list":["post-3235","post","type-post","status-publish","format-standard","has-post-thumbnail","hentry","category-226","tag-kommende-lengmoos","tag-konzerte-am-ritten","tag-kuratorium-kommende-lengmoos","tag-manu-delago","tag-metromonk","tag-veranstaltungen-am-ritten","cat-226-id"],"publishpress_future_action":{"enabled":false,"date":"2026-05-06 09:50:30","action":"change-status","newStatus":"private","terms":[],"taxonomy":"category","extraData":[]},"publishpress_future_workflow_manual_trigger":{"enabledWorkflows":[]},"_links":{"self":[{"href":"https:\/\/kuratorium-kommende-lengmoos.com\/ritten\/wp-json\/wp\/v2\/posts\/3235","targetHints":{"allow":["GET"]}}],"collection":[{"href":"https:\/\/kuratorium-kommende-lengmoos.com\/ritten\/wp-json\/wp\/v2\/posts"}],"about":[{"href":"https:\/\/kuratorium-kommende-lengmoos.com\/ritten\/wp-json\/wp\/v2\/types\/post"}],"author":[{"embeddable":true,"href":"https:\/\/kuratorium-kommende-lengmoos.com\/ritten\/wp-json\/wp\/v2\/users\/3"}],"replies":[{"embeddable":true,"href":"https:\/\/kuratorium-kommende-lengmoos.com\/ritten\/wp-json\/wp\/v2\/comments?post=3235"}],"version-history":[{"count":2,"href":"https:\/\/kuratorium-kommende-lengmoos.com\/ritten\/wp-json\/wp\/v2\/posts\/3235\/revisions"}],"predecessor-version":[{"id":3270,"href":"https:\/\/kuratorium-kommende-lengmoos.com\/ritten\/wp-json\/wp\/v2\/posts\/3235\/revisions\/3270"}],"wp:featuredmedia":[{"embeddable":true,"href":"https:\/\/kuratorium-kommende-lengmoos.com\/ritten\/wp-json\/wp\/v2\/media\/3236"}],"wp:attachment":[{"href":"https:\/\/kuratorium-kommende-lengmoos.com\/ritten\/wp-json\/wp\/v2\/media?parent=3235"}],"wp:term":[{"taxonomy":"category","embeddable":true,"href":"https:\/\/kuratorium-kommende-lengmoos.com\/ritten\/wp-json\/wp\/v2\/categories?post=3235"},{"taxonomy":"post_tag","embeddable":true,"href":"https:\/\/kuratorium-kommende-lengmoos.com\/ritten\/wp-json\/wp\/v2\/tags?post=3235"}],"curies":[{"name":"wp","href":"https:\/\/api.w.org\/{rel}","templated":true}]}}