{"id":3247,"date":"2018-08-29T14:49:51","date_gmt":"2018-08-29T12:49:51","guid":{"rendered":"http:\/\/kuratorium-kommende-lengmoos.com\/ritten\/?p=3247"},"modified":"2019-08-31T14:50:49","modified_gmt":"2019-08-31T12:50:49","slug":"duo-enssle-lamprecht-tesserae","status":"publish","type":"post","link":"https:\/\/kuratorium-kommende-lengmoos.com\/ritten\/duo-enssle-lamprecht-tesserae\/","title":{"rendered":"Duo En\u00dfle-Lamprecht: TESSERAE"},"content":{"rendered":"<p>Virtuos, unkonventionell und voller Spielfreude \u2013 so pr\u00e4sentieren sich Anne-Suse En\u00dfle (Blockfl\u00f6te) und Philipp Lamprecht (Schlagwerk) ihrem Publikum. Stets auf der Suche nach Neuem, \u201eUnerh\u00f6rtem\u201c entf\u00fchren sie ihr Publikum in die Klangwelten unserer Zeit. Mit einem schier unersch\u00f6pflichen Instrumentarium aus verschiedensten Fl\u00f6ten- und Schlaginstrumenten widmen sie sich neuer und neuester Musik und der Musik des Mittelalters.<\/p>\n<p>In <i>BR Klassik <\/i>stand \u00fcber ihre neue CD <i>Tesserae<\/i> (2017) folgendes zu lesen: \u201e\u2026Eine stimmige Interpretation ist dem Duo da gelungen. Ganz ohne \u00fcberfl\u00fcssiges pseudo-mittelalterliches Klimbim kommt die CD aus und ist trotzdem kreativ umgesetzt. Von meditativ bis tanzw\u00fctig ist alles dabei\u2026\u201d In der Kommende pr\u00e4sentieren sie ein Programm im Spannungsfeld zwischen Alt und Neu.<\/p>\n","protected":false},"excerpt":{"rendered":"Virtuos, unkonventionell und voller Spielfreude \u2013 so pr\u00e4sentieren sich Anne-Suse En\u00dfle (Blockfl\u00f6te) und Philipp Lamprecht (Schlagwerk) ihrem Publikum. Stets auf der Suche ","protected":false},"author":3,"featured_media":3248,"comment_status":"closed","ping_status":"closed","sticky":false,"template":"","format":"standard","meta":{"footnotes":""},"categories":[226],"tags":[259,48,50,72,260,218],"class_list":["post-3247","post","type-post","status-publish","format-standard","has-post-thumbnail","hentry","category-226","tag-duo-enssle-lamprecht","tag-kommende-lengmoos","tag-konzerte-am-ritten","tag-kuratorium-kommende-lengmoos","tag-tesserae","tag-veranstaltungen-am-ritten","cat-226-id"],"publishpress_future_action":{"enabled":false,"date":"2026-05-09 10:25:59","action":"change-status","newStatus":"private","terms":[],"taxonomy":"category","extraData":[]},"publishpress_future_workflow_manual_trigger":{"enabledWorkflows":[]},"_links":{"self":[{"href":"https:\/\/kuratorium-kommende-lengmoos.com\/ritten\/wp-json\/wp\/v2\/posts\/3247","targetHints":{"allow":["GET"]}}],"collection":[{"href":"https:\/\/kuratorium-kommende-lengmoos.com\/ritten\/wp-json\/wp\/v2\/posts"}],"about":[{"href":"https:\/\/kuratorium-kommende-lengmoos.com\/ritten\/wp-json\/wp\/v2\/types\/post"}],"author":[{"embeddable":true,"href":"https:\/\/kuratorium-kommende-lengmoos.com\/ritten\/wp-json\/wp\/v2\/users\/3"}],"replies":[{"embeddable":true,"href":"https:\/\/kuratorium-kommende-lengmoos.com\/ritten\/wp-json\/wp\/v2\/comments?post=3247"}],"version-history":[{"count":1,"href":"https:\/\/kuratorium-kommende-lengmoos.com\/ritten\/wp-json\/wp\/v2\/posts\/3247\/revisions"}],"predecessor-version":[{"id":3249,"href":"https:\/\/kuratorium-kommende-lengmoos.com\/ritten\/wp-json\/wp\/v2\/posts\/3247\/revisions\/3249"}],"wp:featuredmedia":[{"embeddable":true,"href":"https:\/\/kuratorium-kommende-lengmoos.com\/ritten\/wp-json\/wp\/v2\/media\/3248"}],"wp:attachment":[{"href":"https:\/\/kuratorium-kommende-lengmoos.com\/ritten\/wp-json\/wp\/v2\/media?parent=3247"}],"wp:term":[{"taxonomy":"category","embeddable":true,"href":"https:\/\/kuratorium-kommende-lengmoos.com\/ritten\/wp-json\/wp\/v2\/categories?post=3247"},{"taxonomy":"post_tag","embeddable":true,"href":"https:\/\/kuratorium-kommende-lengmoos.com\/ritten\/wp-json\/wp\/v2\/tags?post=3247"}],"curies":[{"name":"wp","href":"https:\/\/api.w.org\/{rel}","templated":true}]}}