{"id":3278,"date":"2020-09-11T22:34:54","date_gmt":"2020-09-11T20:34:54","guid":{"rendered":"http:\/\/kuratorium-kommende-lengmoos.com\/ritten\/?p=3278"},"modified":"2021-09-25T22:20:26","modified_gmt":"2021-09-25T20:20:26","slug":"der-kosmos-singt-ein-literarisches-kammerkonzert-rund-um-karl-barth-und-wolfgang-amadeus-mozart","status":"publish","type":"post","link":"https:\/\/kuratorium-kommende-lengmoos.com\/ritten\/der-kosmos-singt-ein-literarisches-kammerkonzert-rund-um-karl-barth-und-wolfgang-amadeus-mozart\/","title":{"rendered":"Der Kosmos singt -Ein literarisches Kammerkonzert rund um Karl Barth und Wolfgang Amadeus Mozart"},"content":{"rendered":"<p>Auf Einladung des Egger-Trios und von Christian Sutter, dem durch seine intelligent verkn\u00fcpften Literatur-Konzerte bekannt gewordenen \u00abPoet am Kontrabass\u00bb, treffen sich Karl Barth und Mozart zu einem imagin\u00e4ren musikalisch-literarischen Gedankenaustausch in der Kommende Lengmoos. Barth \u00e4u\u00dfert sich durch seine Dogmatik und autobiografischen Schriften, Mozart<br \/>\nmittels seines genialen Divertimentos in Es-Dur KV 563 f\u00fcr Violine, Viola und Violoncello. Dieses literarische Kammerkonzert er\u00f6ffnet uns einen ungewohnten, neuen Zugang sowohl zu Karl Barth als auch zu Mozart. Mozarts Musik klingt, schw\u00e4rmt Karl Barth, \u00abwie wenn der ganze Kosmos ins Singen k\u00e4me\u00bb.<\/p>\n<p>&nbsp;<\/p>\n<p><strong>Georg Egger - Violine, Katharina Egger -Viola, Alejandro Biancotti - Violoncello, Christian Sutter - Konzept und Lesung<\/strong><\/p>\n","protected":false},"excerpt":{"rendered":"Auf Einladung des Egger-Trios und von Christian Sutter, dem durch seine intelligent verkn\u00fcpften Literatur-Konzerte bekannt gewordenen \u00abPoet am Kontrabass\u00bb, treffen sich Karl Barth und Mozart zu einem imagin\u00e4ren musikalisch-literarischen Gedankenaustausch in der Kommende Lengmoos. \r\n","protected":false},"author":5,"featured_media":3508,"comment_status":"closed","ping_status":"closed","sticky":false,"template":"","format":"gallery","meta":{"footnotes":""},"categories":[322,323],"tags":[119,269,65,129,288,157,48,118,72,218],"class_list":["post-3278","post","type-post","status-publish","format-gallery","has-post-thumbnail","hentry","category-322","category-konzerte-2021","tag-anna-egger","tag-christian-sutter","tag-events-am-ritten","tag-georg-egger","tag-karl-barth","tag-katharina-egger","tag-kommende-lengmoos","tag-konzert-ritten","tag-kuratorium-kommende-lengmoos","tag-veranstaltungen-am-ritten","post_format-post-format-gallery","cat-322-id","cat-323-id"],"publishpress_future_action":{"enabled":false,"date":"2026-05-08 07:47:42","action":"change-status","newStatus":"private","terms":[],"taxonomy":"category","extraData":[]},"publishpress_future_workflow_manual_trigger":{"enabledWorkflows":[]},"_links":{"self":[{"href":"https:\/\/kuratorium-kommende-lengmoos.com\/ritten\/wp-json\/wp\/v2\/posts\/3278","targetHints":{"allow":["GET"]}}],"collection":[{"href":"https:\/\/kuratorium-kommende-lengmoos.com\/ritten\/wp-json\/wp\/v2\/posts"}],"about":[{"href":"https:\/\/kuratorium-kommende-lengmoos.com\/ritten\/wp-json\/wp\/v2\/types\/post"}],"author":[{"embeddable":true,"href":"https:\/\/kuratorium-kommende-lengmoos.com\/ritten\/wp-json\/wp\/v2\/users\/5"}],"replies":[{"embeddable":true,"href":"https:\/\/kuratorium-kommende-lengmoos.com\/ritten\/wp-json\/wp\/v2\/comments?post=3278"}],"version-history":[{"count":12,"href":"https:\/\/kuratorium-kommende-lengmoos.com\/ritten\/wp-json\/wp\/v2\/posts\/3278\/revisions"}],"predecessor-version":[{"id":3580,"href":"https:\/\/kuratorium-kommende-lengmoos.com\/ritten\/wp-json\/wp\/v2\/posts\/3278\/revisions\/3580"}],"wp:featuredmedia":[{"embeddable":true,"href":"https:\/\/kuratorium-kommende-lengmoos.com\/ritten\/wp-json\/wp\/v2\/media\/3508"}],"wp:attachment":[{"href":"https:\/\/kuratorium-kommende-lengmoos.com\/ritten\/wp-json\/wp\/v2\/media?parent=3278"}],"wp:term":[{"taxonomy":"category","embeddable":true,"href":"https:\/\/kuratorium-kommende-lengmoos.com\/ritten\/wp-json\/wp\/v2\/categories?post=3278"},{"taxonomy":"post_tag","embeddable":true,"href":"https:\/\/kuratorium-kommende-lengmoos.com\/ritten\/wp-json\/wp\/v2\/tags?post=3278"}],"curies":[{"name":"wp","href":"https:\/\/api.w.org\/{rel}","templated":true}]}}