{"id":3298,"date":"2020-08-07T22:39:21","date_gmt":"2020-08-07T20:39:21","guid":{"rendered":"http:\/\/kuratorium-kommende-lengmoos.com\/ritten\/?p=3298"},"modified":"2021-09-06T09:36:07","modified_gmt":"2021-09-06T07:36:07","slug":"ausstellung-ursula-tavella-08-08-06-09-2020","status":"publish","type":"post","link":"https:\/\/kuratorium-kommende-lengmoos.com\/ritten\/ausstellung-ursula-tavella-08-08-06-09-2020\/","title":{"rendered":"Ausstellung Ursula Tavella  07.08.- 05.09.2021"},"content":{"rendered":"<p>Ursula Tavella, geboren 1980 in Brixen, absolvierte ihr B\u00fchnenbild-Studium an der accademia di belle arti in Mailand. Sie lebt in La Val und Bozen, wo sie als freischaffende K\u00fcnstlerin und Kost\u00fcmbildnerin t\u00e4tig ist.<\/p>\n<p>Im wei\u00dfen Wald<br \/>\nF\u00fcchse und Raben von Ursula Tavella werden zum Fluchtpunkt ihrer ausrei\u00dfenden Linie - tuschetiefe Gewissheit und Ruhe.<\/p>\n<p><strong>Samstag,07.08. - Sonntag,05.09.2020<\/strong><\/p>\n<p><strong>Vernissage: Samstag, 08.08.2020 - 17:00 Uhr<\/strong><\/p>\n<p><strong>\u00d6ffnungszeiten: Mi und Fr 16 - 18 Uhr, Sa und So 16 - 18 Uhr<\/strong><\/p>\n","protected":false},"excerpt":{"rendered":"Im wei\u00dfen Wald \r\nF\u00fcchse und Raben von Ursula Tavella werden zum Fluchtpunkt ihrer ausrei\u00dfenden Linie -  tuschetiefe Gewissheit und Ruhe. \r\n","protected":false},"author":5,"featured_media":3485,"comment_status":"closed","ping_status":"closed","sticky":false,"template":"","format":"gallery","meta":{"footnotes":""},"categories":[322,324],"tags":[101,186,65,291,48,72,290,218],"class_list":["post-3298","post","type-post","status-publish","format-gallery","has-post-thumbnail","hentry","category-322","category-ausstellungen-2021","tag-ausstellung","tag-ausstellung-ritten","tag-events-am-ritten","tag-im-weissen-wald","tag-kommende-lengmoos","tag-kuratorium-kommende-lengmoos","tag-ursula-tavella","tag-veranstaltungen-am-ritten","post_format-post-format-gallery","cat-322-id","cat-324-id"],"publishpress_future_action":{"enabled":false,"date":"2026-05-08 07:34:51","action":"change-status","newStatus":"private","terms":[],"taxonomy":"category","extraData":[]},"publishpress_future_workflow_manual_trigger":{"enabledWorkflows":[]},"_links":{"self":[{"href":"https:\/\/kuratorium-kommende-lengmoos.com\/ritten\/wp-json\/wp\/v2\/posts\/3298","targetHints":{"allow":["GET"]}}],"collection":[{"href":"https:\/\/kuratorium-kommende-lengmoos.com\/ritten\/wp-json\/wp\/v2\/posts"}],"about":[{"href":"https:\/\/kuratorium-kommende-lengmoos.com\/ritten\/wp-json\/wp\/v2\/types\/post"}],"author":[{"embeddable":true,"href":"https:\/\/kuratorium-kommende-lengmoos.com\/ritten\/wp-json\/wp\/v2\/users\/5"}],"replies":[{"embeddable":true,"href":"https:\/\/kuratorium-kommende-lengmoos.com\/ritten\/wp-json\/wp\/v2\/comments?post=3298"}],"version-history":[{"count":10,"href":"https:\/\/kuratorium-kommende-lengmoos.com\/ritten\/wp-json\/wp\/v2\/posts\/3298\/revisions"}],"predecessor-version":[{"id":3576,"href":"https:\/\/kuratorium-kommende-lengmoos.com\/ritten\/wp-json\/wp\/v2\/posts\/3298\/revisions\/3576"}],"wp:featuredmedia":[{"embeddable":true,"href":"https:\/\/kuratorium-kommende-lengmoos.com\/ritten\/wp-json\/wp\/v2\/media\/3485"}],"wp:attachment":[{"href":"https:\/\/kuratorium-kommende-lengmoos.com\/ritten\/wp-json\/wp\/v2\/media?parent=3298"}],"wp:term":[{"taxonomy":"category","embeddable":true,"href":"https:\/\/kuratorium-kommende-lengmoos.com\/ritten\/wp-json\/wp\/v2\/categories?post=3298"},{"taxonomy":"post_tag","embeddable":true,"href":"https:\/\/kuratorium-kommende-lengmoos.com\/ritten\/wp-json\/wp\/v2\/tags?post=3298"}],"curies":[{"name":"wp","href":"https:\/\/api.w.org\/{rel}","templated":true}]}}