{"id":3306,"date":"2020-10-02T22:36:16","date_gmt":"2020-10-02T20:36:16","guid":{"rendered":"http:\/\/kuratorium-kommende-lengmoos.com\/ritten\/?p=3306"},"modified":"2021-10-11T19:29:16","modified_gmt":"2021-10-11T17:29:16","slug":"kinderkonzert-die-geschichte-vom-fenster","status":"publish","type":"post","link":"https:\/\/kuratorium-kommende-lengmoos.com\/ritten\/kinderkonzert-die-geschichte-vom-fenster\/","title":{"rendered":"Kinderkonzert &#8220;Die Geschichte vom Fenster&#8221;"},"content":{"rendered":"<p>Wisst ihr, wie es sich an einer stark befahrenen Hauptverkehrsstra\u00dfe wohnt? Unser Fenster, von dem ich erz\u00e4hlen will, na, das wusste ganz genau: st\u00e4ndig Autos, die vorbeisausen, Dreck und Staub den ganzen langen Tag, L\u00e4rm und Krach von jeder Sorte! \u201eIch halt das nicht mehr aus! Ich will raus hier!\u201c, st\u00f6hnte es und ruckelte unwillig an seiner Verankerung bis es pl\u00f6tzlich merkte: Ich bin ja locker! So steigt das Fenster tats\u00e4chlich aus der Hausmauer und macht sich auf den Weg \u2013 und trifft andere Fenster! Ein d\u00fcsteres Kellerfenster, ein blitzblankpoliertes Schaufenster. Es lernt Brillenfenster kennen, erklimmt einen Wolkenkratzer, kann sich als Autofenster ausprobieren! Und mit den Begegnungen w\u00e4chst auch das Wissen, wo und wie das Fenster bleiben will und wird...<\/p>\n<p><strong>Ulrike Mattle - Cello, Daniel Hofst\u00e4tter - Synthesizer, Christian Mair - Kontrabass,<\/strong><\/p>\n<p><strong>Gernot Nagelschmied - Spiel und Ausstattung, Hendrikje Winter - Regie<\/strong><\/p>\n","protected":false},"excerpt":{"rendered":"Wisst ihr, wie es sich an einer stark befahrenen Hauptverkehrsstra\u00dfe wohnt? Unser Fenster, von dem ich erz\u00e4hlen will, na, das wusste ganz genau: st\u00e4ndig Autos, die vorbeisausen, Dreck und Staub den ganzen langen Tag, L\u00e4rm und Krach von jeder Sorte! ","protected":false},"author":5,"featured_media":3308,"comment_status":"closed","ping_status":"closed","sticky":false,"template":"","format":"standard","meta":{"footnotes":""},"categories":[322,323],"tags":[277,276,65,274,278,280,279,126,48,50,72,275,218],"class_list":["post-3306","post","type-post","status-publish","format-standard","has-post-thumbnail","hentry","category-322","category-konzerte-2021","tag-christian-mair","tag-daniel-hofstaetter","tag-events-am-ritten","tag-figurentheater-namlos","tag-gernot-nagelschmied","tag-geschichte-vom-fenster","tag-hendrikje-winter","tag-kinderkonzert","tag-kommende-lengmoos","tag-konzerte-am-ritten","tag-kuratorium-kommende-lengmoos","tag-ulrike-mattle","tag-veranstaltungen-am-ritten","cat-322-id","cat-323-id"],"publishpress_future_action":{"enabled":false,"date":"2026-05-08 02:09:28","action":"change-status","newStatus":"private","terms":[],"taxonomy":"category","extraData":[]},"publishpress_future_workflow_manual_trigger":{"enabledWorkflows":[]},"_links":{"self":[{"href":"https:\/\/kuratorium-kommende-lengmoos.com\/ritten\/wp-json\/wp\/v2\/posts\/3306","targetHints":{"allow":["GET"]}}],"collection":[{"href":"https:\/\/kuratorium-kommende-lengmoos.com\/ritten\/wp-json\/wp\/v2\/posts"}],"about":[{"href":"https:\/\/kuratorium-kommende-lengmoos.com\/ritten\/wp-json\/wp\/v2\/types\/post"}],"author":[{"embeddable":true,"href":"https:\/\/kuratorium-kommende-lengmoos.com\/ritten\/wp-json\/wp\/v2\/users\/5"}],"replies":[{"embeddable":true,"href":"https:\/\/kuratorium-kommende-lengmoos.com\/ritten\/wp-json\/wp\/v2\/comments?post=3306"}],"version-history":[{"count":4,"href":"https:\/\/kuratorium-kommende-lengmoos.com\/ritten\/wp-json\/wp\/v2\/posts\/3306\/revisions"}],"predecessor-version":[{"id":3358,"href":"https:\/\/kuratorium-kommende-lengmoos.com\/ritten\/wp-json\/wp\/v2\/posts\/3306\/revisions\/3358"}],"wp:featuredmedia":[{"embeddable":true,"href":"https:\/\/kuratorium-kommende-lengmoos.com\/ritten\/wp-json\/wp\/v2\/media\/3308"}],"wp:attachment":[{"href":"https:\/\/kuratorium-kommende-lengmoos.com\/ritten\/wp-json\/wp\/v2\/media?parent=3306"}],"wp:term":[{"taxonomy":"category","embeddable":true,"href":"https:\/\/kuratorium-kommende-lengmoos.com\/ritten\/wp-json\/wp\/v2\/categories?post=3306"},{"taxonomy":"post_tag","embeddable":true,"href":"https:\/\/kuratorium-kommende-lengmoos.com\/ritten\/wp-json\/wp\/v2\/tags?post=3306"}],"curies":[{"name":"wp","href":"https:\/\/api.w.org\/{rel}","templated":true}]}}