{"id":3311,"date":"2020-10-16T22:36:56","date_gmt":"2020-10-16T20:36:56","guid":{"rendered":"http:\/\/kuratorium-kommende-lengmoos.com\/ritten\/?p=3311"},"modified":"2021-10-30T20:01:51","modified_gmt":"2021-10-30T18:01:51","slug":"vogaiga-von-heiter-bis-mondschein","status":"publish","type":"post","link":"https:\/\/kuratorium-kommende-lengmoos.com\/ritten\/vogaiga-von-heiter-bis-mondschein\/","title":{"rendered":"Vogaiga &#8211; Von Heiter bis Mondschein"},"content":{"rendered":"<p>Mit ihrem Programm \u201eVon Heiter bis Mondschein\u201c verf\u00fchren Di V\u00f3gaiga ihr Publikum mit St\u00fccken aus der hauseigenen Musikschmiede zum romantischen Tr\u00e4umen und verschmitzten Schmunzeln. Dabei geht es temperamentvoll, auch mal hei\u00df und pulsierend her, um im n\u00e4chsten Moment dann wieder mit ber\u00fchrend tiefsinnigen Kl\u00e4ngen das Publikum im Lichte des Mondscheins mit auf den Weg zu nehmen.<\/p>\n<p><strong>Erich Feichter - Violine, Anna Feichter - Violine und Gesang, Ulli Mattle - Cello, Harfe und singende S\u00e4ge, G\u00fcnther Hopfgartner - Steirische Harmonika, Peter Paul Hofmann - Kontrabass und Perkussion<\/strong><\/p>\n","protected":false},"excerpt":{"rendered":"Mit ihrem Programm \u201eVon Heiter bis Mondschein\u201c verf\u00fchren Di V\u00f3gaiga ihr Publikum mit St\u00fccken aus der hauseigenen Musikschmiede zum romantischen Tr\u00e4umen und verschmitzten Schmunzeln. Dabei geht es temperamentvoll, auch mal hei\u00df und pulsierend her, um im n\u00e4chsten Moment dann wieder mit ber\u00fchrend tiefsinnigen Kl\u00e4ngen das Publikum im Lichte des Mondscheins mit auf den Weg zu nehmen. Erich Feichter - Violine,&nbsp;<a href=\"https:\/\/kuratorium-kommende-lengmoos.com\/ritten\/vogaiga-von-heiter-bis-mondschein\/\" class=\"read-more\">Continue Reading<\/a>","protected":false},"author":5,"featured_media":3314,"comment_status":"closed","ping_status":"closed","sticky":false,"template":"","format":"standard","meta":{"footnotes":""},"categories":[322,323],"tags":[285,283,65,284,48,118,72,286,275,218,281,282],"class_list":["post-3311","post","type-post","status-publish","format-standard","has-post-thumbnail","hentry","category-322","category-konzerte-2021","tag-anna-feichter","tag-erich-feichter","tag-events-am-ritten","tag-guenther-hopfgartner","tag-kommende-lengmoos","tag-konzert-ritten","tag-kuratorium-kommende-lengmoos","tag-peter-paul-hofmann","tag-ulrike-mattle","tag-veranstaltungen-am-ritten","tag-vogaiga","tag-von-heiter-bis-mondschein","cat-322-id","cat-323-id"],"publishpress_future_action":{"enabled":false,"date":"2026-05-07 02:10:59","action":"change-status","newStatus":"private","terms":[],"taxonomy":"category","extraData":[]},"publishpress_future_workflow_manual_trigger":{"enabledWorkflows":[]},"_links":{"self":[{"href":"https:\/\/kuratorium-kommende-lengmoos.com\/ritten\/wp-json\/wp\/v2\/posts\/3311","targetHints":{"allow":["GET"]}}],"collection":[{"href":"https:\/\/kuratorium-kommende-lengmoos.com\/ritten\/wp-json\/wp\/v2\/posts"}],"about":[{"href":"https:\/\/kuratorium-kommende-lengmoos.com\/ritten\/wp-json\/wp\/v2\/types\/post"}],"author":[{"embeddable":true,"href":"https:\/\/kuratorium-kommende-lengmoos.com\/ritten\/wp-json\/wp\/v2\/users\/5"}],"replies":[{"embeddable":true,"href":"https:\/\/kuratorium-kommende-lengmoos.com\/ritten\/wp-json\/wp\/v2\/comments?post=3311"}],"version-history":[{"count":4,"href":"https:\/\/kuratorium-kommende-lengmoos.com\/ritten\/wp-json\/wp\/v2\/posts\/3311\/revisions"}],"predecessor-version":[{"id":3371,"href":"https:\/\/kuratorium-kommende-lengmoos.com\/ritten\/wp-json\/wp\/v2\/posts\/3311\/revisions\/3371"}],"wp:featuredmedia":[{"embeddable":true,"href":"https:\/\/kuratorium-kommende-lengmoos.com\/ritten\/wp-json\/wp\/v2\/media\/3314"}],"wp:attachment":[{"href":"https:\/\/kuratorium-kommende-lengmoos.com\/ritten\/wp-json\/wp\/v2\/media?parent=3311"}],"wp:term":[{"taxonomy":"category","embeddable":true,"href":"https:\/\/kuratorium-kommende-lengmoos.com\/ritten\/wp-json\/wp\/v2\/categories?post=3311"},{"taxonomy":"post_tag","embeddable":true,"href":"https:\/\/kuratorium-kommende-lengmoos.com\/ritten\/wp-json\/wp\/v2\/tags?post=3311"}],"curies":[{"name":"wp","href":"https:\/\/api.w.org\/{rel}","templated":true}]}}