{"id":3582,"date":"2021-08-28T00:07:15","date_gmt":"2021-08-27T22:07:15","guid":{"rendered":"https:\/\/kuratorium-kommende-lengmoos.com\/ritten\/?p=3582"},"modified":"2022-08-30T01:00:40","modified_gmt":"2022-08-29T23:00:40","slug":"aluna","status":"publish","type":"post","link":"https:\/\/kuratorium-kommende-lengmoos.com\/ritten\/aluna\/","title":{"rendered":"Aluna"},"content":{"rendered":"<p>Zwei Gitarren, Kontrabass, Viola und Posaune... dazu f\u00fcnf singfreudige Stimmen. Lieder aus der ganzen Welt: Von der brasilianischen Samba \u00fcber \u00e4gyptische Kl\u00e4nge, melancholische italienische Balladen, s\u00fcdamerikanische Folklore und jiddische Chansons.<br \/>\nEs gibt immer Orte der Zuflucht, R\u00fcckzugsgebiete zum Regenerieren. Aber so unterschiedlich diese Orte oder Momente auch sein m\u00f6gen, so vergleichbar sind die Motive, die dorthin f\u00fchren.<br \/>\nIn diesem Sinne ist das Ensemble \u201eAluna\u201c ein Ausflug auf ein Terrain, das intuitiv zu erleben und dabei aber schwer zu beschreiben ist.<\/p>\n<p>Umberto Carrescia - Gitarre, Gesang<br \/>\nZeno Braitenberg - Viola, Akkordeon, Gesang<br \/>\nGregor Marini - Gitarre, Gesang<br \/>\nHarti Mumelter - Kontrabass, Gesang<br \/>\nGigi Grata - Posaune, Trompete, Perkussion, Gesang<\/p>\n<p>&nbsp;<\/p>\n","protected":false},"excerpt":{"rendered":"Zwei Gitarren, Kontrabass, Viola und Posaune... dazu f\u00fcnf singfreudige Stimmen. Lieder aus der ganzen Welt: Von der brasilianischen Samba \u00fcber \u00e4gyptische Kl\u00e4nge, melancholische italienische Balladen, s\u00fcdamerikanische Folklore und jiddische Chansons. Es gibt immer Orte der Zuflucht, R\u00fcckzugsgebiete zum Regenerieren. Aber so unterschiedlich diese Orte oder Momente auch sein m\u00f6gen, so vergleichbar sind die Motive, die dorthin f\u00fchren. In diesem Sinne&nbsp;<a href=\"https:\/\/kuratorium-kommende-lengmoos.com\/ritten\/aluna\/\" class=\"read-more\">Continue Reading<\/a>","protected":false},"author":5,"featured_media":3619,"comment_status":"closed","ping_status":"closed","sticky":false,"template":"","format":"gallery","meta":{"footnotes":""},"categories":[337,352],"tags":[332,330,65,331,48,50,72,218,313],"class_list":["post-3582","post","type-post","status-publish","format-gallery","has-post-thumbnail","hentry","category-337","category-konzerte-2022","tag-akuna-quartett","tag-aluna","tag-events-am-ritten","tag-gregor-marini","tag-kommende-lengmoos","tag-konzerte-am-ritten","tag-kuratorium-kommende-lengmoos","tag-veranstaltungen-am-ritten","tag-veranstaltungen-und-events-am-ritten","post_format-post-format-gallery","cat-337-id","cat-352-id"],"publishpress_future_action":{"enabled":false,"date":"2026-05-06 14:05:31","action":"change-status","newStatus":"private","terms":[],"taxonomy":"category","extraData":[]},"publishpress_future_workflow_manual_trigger":{"enabledWorkflows":[]},"_links":{"self":[{"href":"https:\/\/kuratorium-kommende-lengmoos.com\/ritten\/wp-json\/wp\/v2\/posts\/3582","targetHints":{"allow":["GET"]}}],"collection":[{"href":"https:\/\/kuratorium-kommende-lengmoos.com\/ritten\/wp-json\/wp\/v2\/posts"}],"about":[{"href":"https:\/\/kuratorium-kommende-lengmoos.com\/ritten\/wp-json\/wp\/v2\/types\/post"}],"author":[{"embeddable":true,"href":"https:\/\/kuratorium-kommende-lengmoos.com\/ritten\/wp-json\/wp\/v2\/users\/5"}],"replies":[{"embeddable":true,"href":"https:\/\/kuratorium-kommende-lengmoos.com\/ritten\/wp-json\/wp\/v2\/comments?post=3582"}],"version-history":[{"count":6,"href":"https:\/\/kuratorium-kommende-lengmoos.com\/ritten\/wp-json\/wp\/v2\/posts\/3582\/revisions"}],"predecessor-version":[{"id":3704,"href":"https:\/\/kuratorium-kommende-lengmoos.com\/ritten\/wp-json\/wp\/v2\/posts\/3582\/revisions\/3704"}],"wp:featuredmedia":[{"embeddable":true,"href":"https:\/\/kuratorium-kommende-lengmoos.com\/ritten\/wp-json\/wp\/v2\/media\/3619"}],"wp:attachment":[{"href":"https:\/\/kuratorium-kommende-lengmoos.com\/ritten\/wp-json\/wp\/v2\/media?parent=3582"}],"wp:term":[{"taxonomy":"category","embeddable":true,"href":"https:\/\/kuratorium-kommende-lengmoos.com\/ritten\/wp-json\/wp\/v2\/categories?post=3582"},{"taxonomy":"post_tag","embeddable":true,"href":"https:\/\/kuratorium-kommende-lengmoos.com\/ritten\/wp-json\/wp\/v2\/tags?post=3582"}],"curies":[{"name":"wp","href":"https:\/\/api.w.org\/{rel}","templated":true}]}}