{"id":3680,"date":"2021-10-15T09:57:07","date_gmt":"2021-10-15T07:57:07","guid":{"rendered":"https:\/\/kuratorium-kommende-lengmoos.com\/ritten\/?p=3680"},"modified":"2022-10-20T10:00:29","modified_gmt":"2022-10-20T08:00:29","slug":"loawand-alpentales-neues-aus-den-bergen","status":"publish","type":"post","link":"https:\/\/kuratorium-kommende-lengmoos.com\/ritten\/loawand-alpentales-neues-aus-den-bergen\/","title":{"rendered":"ALPENTALES \u2013 Neues aus den Bergen"},"content":{"rendered":"<p>Von Gl\u00fcck und Leid auf \u00fcber zweitausend Metern, von Riesen und Wellensittichen, von allt\u00e4glichen Begebenheiten und erstaunlichen Ereignissen am Berg und im Tal \u2013 davon erz\u00e4hlt das Projekt Alpentales. Es sind dies musikalische Anekdoten aus den Alpen, die die f\u00fcnf Musiker*innen in unvergleichlichem Sound zwischen Tradition und Moderne zum Klingen bringen.<\/p>\n<p>Johanna Dumfart - Harmonika &amp; Gesang<br \/>\nJohanna Mader - Violine<br \/>\nElias Mader - Flugelhorn<br \/>\nJakob K\u00f6hle - Drums &amp; Percussion<br \/>\nJoachim Pedarnig - Bas<\/p>\n","protected":false},"excerpt":{"rendered":"Von Gl\u00fcck und Leid auf \u00fcber zweitausend Metern, von Riesen und Wellensittichen, von allt\u00e4glichen Begebenheiten und erstaunlichen Ereignissen am Berg und im Tal \u2013 davon erz\u00e4hlt das Projekt Alpentales. Es sind dies musikalische Anekdoten aus den Alpen, die die f\u00fcnf Musiker*innen in unvergleichlichem Sound zwischen Tradition und Moderne zum Klingen bringen. Johanna Dumfart - Harmonika &amp; Gesang Johanna Mader -&nbsp;<a href=\"https:\/\/kuratorium-kommende-lengmoos.com\/ritten\/loawand-alpentales-neues-aus-den-bergen\/\" class=\"read-more\">Continue Reading<\/a>","protected":false},"author":5,"featured_media":3690,"comment_status":"closed","ping_status":"closed","sticky":false,"template":"","format":"gallery","meta":{"footnotes":""},"categories":[337,352],"tags":[375,170,65,371,372,373,168,48,50,72,374,218,313],"class_list":["post-3680","post","type-post","status-publish","format-gallery","has-post-thumbnail","hentry","category-337","category-konzerte-2022","tag-alpentales","tag-elias-mader","tag-events-am-ritten","tag-jakob-koehle","tag-joachim-pedarnig","tag-johanna-dumfart","tag-johanna-mader","tag-kommende-lengmoos","tag-konzerte-am-ritten","tag-kuratorium-kommende-lengmoos","tag-loawand","tag-veranstaltungen-am-ritten","tag-veranstaltungen-und-events-am-ritten","post_format-post-format-gallery","cat-337-id","cat-352-id"],"publishpress_future_action":{"enabled":false,"date":"2026-05-04 14:32:23","action":"change-status","newStatus":"private","terms":[],"taxonomy":"category","extraData":[]},"publishpress_future_workflow_manual_trigger":{"enabledWorkflows":[]},"_links":{"self":[{"href":"https:\/\/kuratorium-kommende-lengmoos.com\/ritten\/wp-json\/wp\/v2\/posts\/3680","targetHints":{"allow":["GET"]}}],"collection":[{"href":"https:\/\/kuratorium-kommende-lengmoos.com\/ritten\/wp-json\/wp\/v2\/posts"}],"about":[{"href":"https:\/\/kuratorium-kommende-lengmoos.com\/ritten\/wp-json\/wp\/v2\/types\/post"}],"author":[{"embeddable":true,"href":"https:\/\/kuratorium-kommende-lengmoos.com\/ritten\/wp-json\/wp\/v2\/users\/5"}],"replies":[{"embeddable":true,"href":"https:\/\/kuratorium-kommende-lengmoos.com\/ritten\/wp-json\/wp\/v2\/comments?post=3680"}],"version-history":[{"count":4,"href":"https:\/\/kuratorium-kommende-lengmoos.com\/ritten\/wp-json\/wp\/v2\/posts\/3680\/revisions"}],"predecessor-version":[{"id":3708,"href":"https:\/\/kuratorium-kommende-lengmoos.com\/ritten\/wp-json\/wp\/v2\/posts\/3680\/revisions\/3708"}],"wp:featuredmedia":[{"embeddable":true,"href":"https:\/\/kuratorium-kommende-lengmoos.com\/ritten\/wp-json\/wp\/v2\/media\/3690"}],"wp:attachment":[{"href":"https:\/\/kuratorium-kommende-lengmoos.com\/ritten\/wp-json\/wp\/v2\/media?parent=3680"}],"wp:term":[{"taxonomy":"category","embeddable":true,"href":"https:\/\/kuratorium-kommende-lengmoos.com\/ritten\/wp-json\/wp\/v2\/categories?post=3680"},{"taxonomy":"post_tag","embeddable":true,"href":"https:\/\/kuratorium-kommende-lengmoos.com\/ritten\/wp-json\/wp\/v2\/tags?post=3680"}],"curies":[{"name":"wp","href":"https:\/\/api.w.org\/{rel}","templated":true}]}}