{"id":3882,"date":"2022-05-27T12:01:27","date_gmt":"2022-05-27T10:01:27","guid":{"rendered":"https:\/\/kuratorium-kommende-lengmoos.com\/ritten\/?p=3882"},"modified":"2023-05-01T18:43:15","modified_gmt":"2023-05-01T16:43:15","slug":"opas-diandl-stroemen","status":"publish","type":"post","link":"https:\/\/kuratorium-kommende-lengmoos.com\/ritten\/opas-diandl-stroemen\/","title":{"rendered":"Opas Diandl &#8211; Str\u00f6men"},"content":{"rendered":"<p><em>Das neue Programm<\/em><\/p>\n<div class=\"page\" title=\"Page 1\">\n<div class=\"section\">\n<div class=\"layoutArea\">\n<div class=\"column\">\n<p>Auch nach 15 Jahren dra\u0308ngen, nicht anders als Luft und Wasser und nicht weniger als Blut und Wa\u0308rme, die Melodien und Rhythmen, die Wo\u0308rter und Silben in Jodlern, Weisen und Ta\u0308nzen in diesem fu\u0308nfko\u0308pfigen Organismus von innen nach au\u00dfen und von au\u00dfen nach innen. Sie wirbeln, schimmern und flimmern, pulsieren und flie\u00dfen auf die Bu\u0308hne, in den Raum, in die Ohren und Herzen. Mit neuem Programm pra\u0308sentiert sich das Quintett aus Su\u0308dtirol \/ Vorarlberg und freut sich mit alten und neuen Bekannten zu teilen, was rein und raus und um die Musiker stetig stro\u0308mt: Das Leben, die Liebe und die Musik.<\/p>\n<div class=\"page\" title=\"Page 1\">\n<div class=\"section\">\n<div class=\"layoutArea\">\n<div class=\"column\">\n<p>Veronika Egger - Stimme, Geige, Viola da Gamba<br \/>\nMarkus Prieth - Stimme, Bratsche, Raffele, Banjo<br \/>\nMatthias Ha\u0308rtel - Stimme, Kontrabass, Nyckelharpa<br \/>\nJan Langer - Percussion<br \/>\nThomas Lamprecht - Stimme, Gitarre<\/p>\n<\/div>\n<\/div>\n<\/div>\n<\/div>\n<\/div>\n<\/div>\n<\/div>\n<\/div>\n","protected":false},"excerpt":{"rendered":"Das neue Programm\r\nAuch nach 15 Jahren dr\u00e4ngen, nicht anders als Luft und Wasser und...","protected":false},"author":3,"featured_media":3883,"comment_status":"closed","ping_status":"closed","sticky":false,"template":"","format":"standard","meta":{"footnotes":""},"categories":[438,440],"tags":[383,48,72,381,389,336,379,385,384,313,380],"class_list":["post-3882","post","type-post","status-publish","format-standard","has-post-thumbnail","hentry","category-438","category-konzerte-2023","tag-jan-langer","tag-kommende-lengmoos","tag-kuratorium-kommende-lengmoos","tag-markus-prieth","tag-matthias-haertel","tag-musik","tag-opas-diandl","tag-stroemen","tag-thomas-lamprecht","tag-veranstaltungen-und-events-am-ritten","tag-veronika-egger","cat-438-id","cat-440-id"],"publishpress_future_action":{"enabled":false,"date":"2026-05-08 06:17:12","action":"change-status","newStatus":"private","terms":[],"taxonomy":"category","extraData":[]},"publishpress_future_workflow_manual_trigger":{"enabledWorkflows":[]},"_links":{"self":[{"href":"https:\/\/kuratorium-kommende-lengmoos.com\/ritten\/wp-json\/wp\/v2\/posts\/3882","targetHints":{"allow":["GET"]}}],"collection":[{"href":"https:\/\/kuratorium-kommende-lengmoos.com\/ritten\/wp-json\/wp\/v2\/posts"}],"about":[{"href":"https:\/\/kuratorium-kommende-lengmoos.com\/ritten\/wp-json\/wp\/v2\/types\/post"}],"author":[{"embeddable":true,"href":"https:\/\/kuratorium-kommende-lengmoos.com\/ritten\/wp-json\/wp\/v2\/users\/3"}],"replies":[{"embeddable":true,"href":"https:\/\/kuratorium-kommende-lengmoos.com\/ritten\/wp-json\/wp\/v2\/comments?post=3882"}],"version-history":[{"count":2,"href":"https:\/\/kuratorium-kommende-lengmoos.com\/ritten\/wp-json\/wp\/v2\/posts\/3882\/revisions"}],"predecessor-version":[{"id":4012,"href":"https:\/\/kuratorium-kommende-lengmoos.com\/ritten\/wp-json\/wp\/v2\/posts\/3882\/revisions\/4012"}],"wp:featuredmedia":[{"embeddable":true,"href":"https:\/\/kuratorium-kommende-lengmoos.com\/ritten\/wp-json\/wp\/v2\/media\/3883"}],"wp:attachment":[{"href":"https:\/\/kuratorium-kommende-lengmoos.com\/ritten\/wp-json\/wp\/v2\/media?parent=3882"}],"wp:term":[{"taxonomy":"category","embeddable":true,"href":"https:\/\/kuratorium-kommende-lengmoos.com\/ritten\/wp-json\/wp\/v2\/categories?post=3882"},{"taxonomy":"post_tag","embeddable":true,"href":"https:\/\/kuratorium-kommende-lengmoos.com\/ritten\/wp-json\/wp\/v2\/tags?post=3882"}],"curies":[{"name":"wp","href":"https:\/\/api.w.org\/{rel}","templated":true}]}}