{"id":4207,"date":"2024-07-27T09:29:45","date_gmt":"2024-07-27T07:29:45","guid":{"rendered":"https:\/\/kuratorium-kommende-lengmoos.com\/ritten\/?p=4207"},"modified":"2025-02-08T09:37:02","modified_gmt":"2025-02-08T07:37:02","slug":"junge-talente-katharina-kurz-klang-kabinett-daham","status":"publish","type":"post","link":"https:\/\/kuratorium-kommende-lengmoos.com\/ritten\/junge-talente-katharina-kurz-klang-kabinett-daham\/","title":{"rendered":"Junge Talente: Katharina Kurz Klang Kabinett &#8211; Daham"},"content":{"rendered":"<p class=\"p2\">Sechs Frauenstimmen im Dialog zwischen Jazz, Kirchenmusik und Volksmusik<\/p>\n<p class=\"p3\">Das Vokalensemble-Projekt \"Daham\" wurde von Katharina Kurz ins Leben gerufen und besteht aus insgesamt sechs S\u00e4ngerinnen aus Nord- und S\u00fcdtirol, welche die konkret f\u00fcr das Projekt komponierten Werke interpretieren. Musikalisch bietet das Programm einen facettenreichen Abend mit Einfl\u00fcssen aus dem Jazz, Texten im Dialekt mit Anlehnung an die Volksmusik, aber auch neue Ideen finden Platz.<br \/>\nDie Musik bringt Bilder aus der Natur, dem Leben und pers\u00f6nlichen Beziehungenzum Leben und schafft eine Atmosph\u00e4re, in der sich das Publikum wiederfinden kann. Das Konzerterlebnis \"Daham\" nimmt die Zuh\u00f6rer:innen mit auf eine Reise durch die Berge, erz\u00e4hlt vom \"seelige Tag\", hofft auf sch\u00f6ne Zeiten \"f\u00fcr ewi\" und beschreibt, wie sich \"Daham\" anf\u00fchlen kann. Ein einzigartiges Klangerlebnis!<\/p>\n<p class=\"p3\"><strong>Katharina Kurz<\/strong> - Leitung und Komposition<br \/>\n<strong>Christina Flatscher, Sarah Haller, Katharina Kurz, <\/strong><br \/>\n<strong>Jasmin Marth, Paula Mittich, Anna Schnegg<\/strong> - Gesang<\/p>\n","protected":false},"excerpt":{"rendered":"Das Vokalensemble-Projekt \"Daham\" wurde von Katharina Kurz ins Leben gerufen und besteht aus insgesamt sechs S\u00e4ngerinnen aus Nord- und S\u00fcdtirol, welche...","protected":false},"author":3,"featured_media":4208,"comment_status":"closed","ping_status":"closed","sticky":false,"template":"","format":"standard","meta":{"footnotes":""},"categories":[487,489],"tags":[522,518,517,520,516,515,48,72,336,521,519,313],"class_list":["post-4207","post","type-post","status-publish","format-standard","has-post-thumbnail","hentry","category-487","category-konzerte-2025","tag-anna-schnegg","tag-christina-flatscher","tag-daham","tag-jasmin-marth","tag-katharaina-kurz-klang-kabinett","tag-katharina-kurz","tag-kommende-lengmoos","tag-kuratorium-kommende-lengmoos","tag-musik","tag-paula-mittich","tag-sarah-haller","tag-veranstaltungen-und-events-am-ritten","cat-487-id","cat-489-id"],"publishpress_future_action":{"enabled":false,"date":"2026-05-06 22:15:55","action":"change-status","newStatus":"private","terms":[],"taxonomy":"category","extraData":[]},"publishpress_future_workflow_manual_trigger":{"enabledWorkflows":[]},"_links":{"self":[{"href":"https:\/\/kuratorium-kommende-lengmoos.com\/ritten\/wp-json\/wp\/v2\/posts\/4207","targetHints":{"allow":["GET"]}}],"collection":[{"href":"https:\/\/kuratorium-kommende-lengmoos.com\/ritten\/wp-json\/wp\/v2\/posts"}],"about":[{"href":"https:\/\/kuratorium-kommende-lengmoos.com\/ritten\/wp-json\/wp\/v2\/types\/post"}],"author":[{"embeddable":true,"href":"https:\/\/kuratorium-kommende-lengmoos.com\/ritten\/wp-json\/wp\/v2\/users\/3"}],"replies":[{"embeddable":true,"href":"https:\/\/kuratorium-kommende-lengmoos.com\/ritten\/wp-json\/wp\/v2\/comments?post=4207"}],"version-history":[{"count":1,"href":"https:\/\/kuratorium-kommende-lengmoos.com\/ritten\/wp-json\/wp\/v2\/posts\/4207\/revisions"}],"predecessor-version":[{"id":4209,"href":"https:\/\/kuratorium-kommende-lengmoos.com\/ritten\/wp-json\/wp\/v2\/posts\/4207\/revisions\/4209"}],"wp:featuredmedia":[{"embeddable":true,"href":"https:\/\/kuratorium-kommende-lengmoos.com\/ritten\/wp-json\/wp\/v2\/media\/4208"}],"wp:attachment":[{"href":"https:\/\/kuratorium-kommende-lengmoos.com\/ritten\/wp-json\/wp\/v2\/media?parent=4207"}],"wp:term":[{"taxonomy":"category","embeddable":true,"href":"https:\/\/kuratorium-kommende-lengmoos.com\/ritten\/wp-json\/wp\/v2\/categories?post=4207"},{"taxonomy":"post_tag","embeddable":true,"href":"https:\/\/kuratorium-kommende-lengmoos.com\/ritten\/wp-json\/wp\/v2\/tags?post=4207"}],"curies":[{"name":"wp","href":"https:\/\/api.w.org\/{rel}","templated":true}]}}