{"id":4210,"date":"2024-07-27T20:21:18","date_gmt":"2024-07-27T18:21:18","guid":{"rendered":"https:\/\/kuratorium-kommende-lengmoos.com\/ritten\/?p=4210"},"modified":"2025-02-09T22:24:34","modified_gmt":"2025-02-09T20:24:34","slug":"thea-unteregger-mond-und-sonne-27-07-17-08-2025","status":"publish","type":"post","link":"https:\/\/kuratorium-kommende-lengmoos.com\/ritten\/thea-unteregger-mond-und-sonne-27-07-17-08-2025\/","title":{"rendered":"Thea Unteregger: Mond und Sonne  27.07. &#8211; 17.08.2025"},"content":{"rendered":"<div class=\"page\" title=\"Page 1\">\n<div class=\"section\">\n<div class=\"layoutArea\">\n<div class=\"column\">\n<div class=\"page\" title=\"Page 2\">\n<div class=\"section\">\n<div class=\"layoutArea\">\n<div class=\"column\">\n<div class=\"page\" title=\"Page 1\">\n<div class=\"section\">\n<div class=\"layoutArea\">\n<div class=\"column\">\n<div class=\"page\" title=\"Page 1\">\n<div class=\"section\">\n<div class=\"layoutArea\">\n<div class=\"column\">\n<div class=\"page\" title=\"Page 2\">\n<div class=\"layoutArea\">\n<div class=\"column\">\n<p class=\"p1\">Das Glitzern der Sonne auf dem Wasser, das Morgenrot, die Mittagssonne: Viele Lichterscheinungen werden in Dolomitenm\u00e4rchen durch mythische Figuren personifiziert. Ihnen ist diese Ausstellung gewidmet. Gro\u00dfe Collagen aus bemaltem Papier wechseln sich ab mit kleineren Formaten und laden ein, in die M\u00e4rchenwelt einzutauchen.<\/p>\n<\/div>\n<\/div>\n<\/div>\n<\/div>\n<\/div>\n<\/div>\n<\/div>\n<\/div>\n<\/div>\n<\/div>\n<\/div>\n<\/div>\n<\/div>\n<\/div>\n<\/div>\n<p><strong>Sonntag, 27.07. - Sonntag, 17.08.2025<\/strong><\/p>\n<p><strong>Vernissage Sonntag, 27.07.2025 - 17:00 Uhr<\/strong><\/p>\n<p><strong>\u00d6ffnungszeiten:\u00a0 Mi, Fr,\u00a0 Sa und So 16 - 18 Uhr\u00a0<\/strong><\/p>\n<\/div>\n<\/div>\n<\/div>\n<\/div>\n","protected":false},"excerpt":{"rendered":"Das Glitzern der Sonne auf dem Wasser, das Morgenrot, die Mittagssonne: Viele Lichterscheinungen...","protected":false},"author":3,"featured_media":4215,"comment_status":"closed","ping_status":"closed","sticky":false,"template":"","format":"gallery","meta":{"footnotes":""},"categories":[487,488],"tags":[101,525,48,72,523,524,313],"class_list":["post-4210","post","type-post","status-publish","format-gallery","has-post-thumbnail","hentry","category-487","category-ausstellungen-2025","tag-ausstellung","tag-collagen","tag-kommende-lengmoos","tag-kuratorium-kommende-lengmoos","tag-mond-und-sonne","tag-thea-unteregger","tag-veranstaltungen-und-events-am-ritten","post_format-post-format-gallery","cat-487-id","cat-488-id"],"publishpress_future_action":{"enabled":false,"date":"2026-05-06 22:12:57","action":"change-status","newStatus":"private","terms":[],"taxonomy":"category","extraData":[]},"publishpress_future_workflow_manual_trigger":{"enabledWorkflows":[]},"_links":{"self":[{"href":"https:\/\/kuratorium-kommende-lengmoos.com\/ritten\/wp-json\/wp\/v2\/posts\/4210","targetHints":{"allow":["GET"]}}],"collection":[{"href":"https:\/\/kuratorium-kommende-lengmoos.com\/ritten\/wp-json\/wp\/v2\/posts"}],"about":[{"href":"https:\/\/kuratorium-kommende-lengmoos.com\/ritten\/wp-json\/wp\/v2\/types\/post"}],"author":[{"embeddable":true,"href":"https:\/\/kuratorium-kommende-lengmoos.com\/ritten\/wp-json\/wp\/v2\/users\/3"}],"replies":[{"embeddable":true,"href":"https:\/\/kuratorium-kommende-lengmoos.com\/ritten\/wp-json\/wp\/v2\/comments?post=4210"}],"version-history":[{"count":2,"href":"https:\/\/kuratorium-kommende-lengmoos.com\/ritten\/wp-json\/wp\/v2\/posts\/4210\/revisions"}],"predecessor-version":[{"id":4216,"href":"https:\/\/kuratorium-kommende-lengmoos.com\/ritten\/wp-json\/wp\/v2\/posts\/4210\/revisions\/4216"}],"wp:featuredmedia":[{"embeddable":true,"href":"https:\/\/kuratorium-kommende-lengmoos.com\/ritten\/wp-json\/wp\/v2\/media\/4215"}],"wp:attachment":[{"href":"https:\/\/kuratorium-kommende-lengmoos.com\/ritten\/wp-json\/wp\/v2\/media?parent=4210"}],"wp:term":[{"taxonomy":"category","embeddable":true,"href":"https:\/\/kuratorium-kommende-lengmoos.com\/ritten\/wp-json\/wp\/v2\/categories?post=4210"},{"taxonomy":"post_tag","embeddable":true,"href":"https:\/\/kuratorium-kommende-lengmoos.com\/ritten\/wp-json\/wp\/v2\/tags?post=4210"}],"curies":[{"name":"wp","href":"https:\/\/api.w.org\/{rel}","templated":true}]}}