{"id":4240,"date":"2024-09-20T22:07:50","date_gmt":"2024-09-20T20:07:50","guid":{"rendered":"https:\/\/kuratorium-kommende-lengmoos.com\/ritten\/?p=4240"},"modified":"2025-02-09T22:19:35","modified_gmt":"2025-02-09T20:19:35","slug":"kinderkonzert-upcycling-band","status":"publish","type":"post","link":"https:\/\/kuratorium-kommende-lengmoos.com\/ritten\/kinderkonzert-upcycling-band\/","title":{"rendered":"Kinderkonzert: Upcycling Band"},"content":{"rendered":"<p style=\"font-weight: 400;\">Die Upcycling Band\u00a0besteht aus vier professionellen Schlagzeugern und Multiinstrumentalisten aus der Region Trentino-S\u00fcdtirol: Max Castlunger, Georg Malfertheiner, Manfred Gampenrieder, Mirko Pedrotti. Alle drei Sprachgruppen der Region (deutsch, italienisch, ladinisch) sind darin vertreten. Sie finden durch die Musik die beste Art der Kommunikation! Die Schlagwerkvirtuosen spielen im Sinne der Nachhaltigkeit ausschlie\u00dflich auf Instrumenten und Klangobjekten, die aus gebrauchten Dingen und Materialien\u00a0von Max Castlunger pers\u00f6nlich gebaut wurden: ein einmaliges Klangerlebnis, das nicht nur f\u00fcr die Ohren, sondern auch optisch einiges zu bieten hat!\u00a0Ihre Musik ist von den verschiedenen Musikkulturen der Welt inspiriert und entf\u00fchrt die Zuh\u00f6rerenden in ferne L\u00e4nder.<\/p>\n<p style=\"font-weight: 400;\"><strong>Max Castlunger, Georg Malfertheiner<br \/>\n<\/strong><strong>Manfred Gampenrieder, Mirko Pedrotti<\/strong><\/p>\n<p class=\"p3\">\n","protected":false},"excerpt":{"rendered":"Die Upcycling Band\u00a0besteht aus vier professionellen Schlagzeugern und Multiinstrumentalisten aus der Region Trentino-S\u00fcdtirol: Max Castlunger, Georg Malfertheiner, Manfred Gampenrieder, Mirko Pedrotti. Alle drei...","protected":false},"author":3,"featured_media":4241,"comment_status":"closed","ping_status":"closed","sticky":false,"template":"","format":"standard","meta":{"footnotes":""},"categories":[487,489],"tags":[534,48,72,533,535,336,532,313],"class_list":["post-4240","post","type-post","status-publish","format-standard","has-post-thumbnail","hentry","category-487","category-konzerte-2025","tag-georg-malfertheiner-manfred-gampenrieder","tag-kommende-lengmoos","tag-kuratorium-kommende-lengmoos","tag-max-castlunger","tag-mirko-pedrotti","tag-musik","tag-upcycling-band","tag-veranstaltungen-und-events-am-ritten","cat-487-id","cat-489-id"],"publishpress_future_action":{"enabled":false,"date":"2026-05-06 04:16:23","action":"change-status","newStatus":"private","terms":[],"taxonomy":"category","extraData":[]},"publishpress_future_workflow_manual_trigger":{"enabledWorkflows":[]},"_links":{"self":[{"href":"https:\/\/kuratorium-kommende-lengmoos.com\/ritten\/wp-json\/wp\/v2\/posts\/4240","targetHints":{"allow":["GET"]}}],"collection":[{"href":"https:\/\/kuratorium-kommende-lengmoos.com\/ritten\/wp-json\/wp\/v2\/posts"}],"about":[{"href":"https:\/\/kuratorium-kommende-lengmoos.com\/ritten\/wp-json\/wp\/v2\/types\/post"}],"author":[{"embeddable":true,"href":"https:\/\/kuratorium-kommende-lengmoos.com\/ritten\/wp-json\/wp\/v2\/users\/3"}],"replies":[{"embeddable":true,"href":"https:\/\/kuratorium-kommende-lengmoos.com\/ritten\/wp-json\/wp\/v2\/comments?post=4240"}],"version-history":[{"count":1,"href":"https:\/\/kuratorium-kommende-lengmoos.com\/ritten\/wp-json\/wp\/v2\/posts\/4240\/revisions"}],"predecessor-version":[{"id":4242,"href":"https:\/\/kuratorium-kommende-lengmoos.com\/ritten\/wp-json\/wp\/v2\/posts\/4240\/revisions\/4242"}],"wp:featuredmedia":[{"embeddable":true,"href":"https:\/\/kuratorium-kommende-lengmoos.com\/ritten\/wp-json\/wp\/v2\/media\/4241"}],"wp:attachment":[{"href":"https:\/\/kuratorium-kommende-lengmoos.com\/ritten\/wp-json\/wp\/v2\/media?parent=4240"}],"wp:term":[{"taxonomy":"category","embeddable":true,"href":"https:\/\/kuratorium-kommende-lengmoos.com\/ritten\/wp-json\/wp\/v2\/categories?post=4240"},{"taxonomy":"post_tag","embeddable":true,"href":"https:\/\/kuratorium-kommende-lengmoos.com\/ritten\/wp-json\/wp\/v2\/tags?post=4240"}],"curies":[{"name":"wp","href":"https:\/\/api.w.org\/{rel}","templated":true}]}}