{"id":4243,"date":"2024-10-11T22:15:13","date_gmt":"2024-10-11T20:15:13","guid":{"rendered":"https:\/\/kuratorium-kommende-lengmoos.com\/ritten\/?p=4243"},"modified":"2025-02-09T22:18:59","modified_gmt":"2025-02-09T20:18:59","slug":"aluna-2","status":"publish","type":"post","link":"https:\/\/kuratorium-kommende-lengmoos.com\/ritten\/aluna-2\/","title":{"rendered":"Aluna"},"content":{"rendered":"<p style=\"font-weight: 400;\">Musik aus vielen Weltgegenden<\/p>\n<p style=\"font-weight: 400;\">Man kann \"Aluna\" in einer simplen Tonart beschreiben: Eine Bratsche, zwei Gitarren, eine Posaune, ein Kontrabass, f\u00fcnf singfreudige Stimmen aus S\u00fcdtirol, Songs aus aller Welt. Eine Coverband ohne Schlagzeug also?<br \/>\nSo einfach ist es nicht. \"Aluna\" ist ein Begriff aus dem mehrsprachigen Wortschatz der Kogi, Arhuaco und Wiwa, ein Bergvolk, das sich vor 400 Jahren auf der Flucht vor eroberungsw\u00fctigen Spaniern ins kolumbianische Hochgebirge zur\u00fcckzog. Damals benannte \"Aluna\u201c die Seele, das Denken und die Vorstellungskraft des Menschen.\u00a0 Heute versucht das Aluna-Ensemble unter Zuhilfenahme multikultureller Vorstellungskraft die beseelte Anverwandlung von Musik aus vielen Weltgegenden und Kulturen - f\u00fcr f\u00fcnf Musiker aus dem mehrsprachigen Gebirgsland S\u00fcdtirol.<br \/>\nDie Musik von <em>Aluna<\/em> ist neapolitanischen, jiddischen, \u00e4gyptischen, lateinamerikanischen oder mitteleurop\u00e4ischen Ursprungs. Sie lebt von der Eigenart ihrer Bearbeitung und von der Hoffnung, dass sich Seelenhaftes \u00fcber Sprachgrenzen und Berggipfel hinweg in einen v\u00f6lkerverbindenden Klangraum \u00fcberf\u00fchren und \u00fcbertragen l\u00e4sst. Das ist nicht unkompliziert - klingt aber ganz einfach.<\/p>\n<p style=\"font-weight: 400;\"><strong>Umberto Carrescia<\/strong> - Gitarre, Gesang<br \/>\n<strong>Zeno Braitenberg<\/strong> - Viola, Akkordeon, Gesang<br \/>\n<strong>Gregor Marini<\/strong> - Gitarre, Gesang<br \/>\n<strong>Harti Mumelter<\/strong> - Kontrabass, Gesang<br \/>\n<strong>Gigi Grata<\/strong> - Posaune, Trompete, Perkussion, Gesang<\/p>\n<p class=\"p3\">\n","protected":false},"excerpt":{"rendered":"Man kann \"Aluna\" in einer simplen Tonart beschreiben: Eine Bratsche, zwei Gitarren, eine Posaune, ein Kontrabass, f\u00fcnf singfreudige Stimmen aus S\u00fcdtirol, Songs aus aller Welt. Eine Coverband ohne...","protected":false},"author":3,"featured_media":4244,"comment_status":"closed","ping_status":"closed","sticky":false,"template":"","format":"standard","meta":{"footnotes":""},"categories":[487,489],"tags":[330,539,331,538,48,72,336,536,313,537],"class_list":["post-4243","post","type-post","status-publish","format-standard","has-post-thumbnail","hentry","category-487","category-konzerte-2025","tag-aluna","tag-gigi-grata","tag-gregor-marini","tag-harti-mumelter","tag-kommende-lengmoos","tag-kuratorium-kommende-lengmoos","tag-musik","tag-umberto-carrescia","tag-veranstaltungen-und-events-am-ritten","tag-zeno-braitenberg","cat-487-id","cat-489-id"],"publishpress_future_action":{"enabled":false,"date":"2026-05-07 16:38:38","action":"change-status","newStatus":"private","terms":[],"taxonomy":"category","extraData":[]},"publishpress_future_workflow_manual_trigger":{"enabledWorkflows":[]},"_links":{"self":[{"href":"https:\/\/kuratorium-kommende-lengmoos.com\/ritten\/wp-json\/wp\/v2\/posts\/4243","targetHints":{"allow":["GET"]}}],"collection":[{"href":"https:\/\/kuratorium-kommende-lengmoos.com\/ritten\/wp-json\/wp\/v2\/posts"}],"about":[{"href":"https:\/\/kuratorium-kommende-lengmoos.com\/ritten\/wp-json\/wp\/v2\/types\/post"}],"author":[{"embeddable":true,"href":"https:\/\/kuratorium-kommende-lengmoos.com\/ritten\/wp-json\/wp\/v2\/users\/3"}],"replies":[{"embeddable":true,"href":"https:\/\/kuratorium-kommende-lengmoos.com\/ritten\/wp-json\/wp\/v2\/comments?post=4243"}],"version-history":[{"count":1,"href":"https:\/\/kuratorium-kommende-lengmoos.com\/ritten\/wp-json\/wp\/v2\/posts\/4243\/revisions"}],"predecessor-version":[{"id":4245,"href":"https:\/\/kuratorium-kommende-lengmoos.com\/ritten\/wp-json\/wp\/v2\/posts\/4243\/revisions\/4245"}],"wp:featuredmedia":[{"embeddable":true,"href":"https:\/\/kuratorium-kommende-lengmoos.com\/ritten\/wp-json\/wp\/v2\/media\/4244"}],"wp:attachment":[{"href":"https:\/\/kuratorium-kommende-lengmoos.com\/ritten\/wp-json\/wp\/v2\/media?parent=4243"}],"wp:term":[{"taxonomy":"category","embeddable":true,"href":"https:\/\/kuratorium-kommende-lengmoos.com\/ritten\/wp-json\/wp\/v2\/categories?post=4243"},{"taxonomy":"post_tag","embeddable":true,"href":"https:\/\/kuratorium-kommende-lengmoos.com\/ritten\/wp-json\/wp\/v2\/tags?post=4243"}],"curies":[{"name":"wp","href":"https:\/\/api.w.org\/{rel}","templated":true}]}}