{"id":4276,"date":"2025-06-06T20:32:09","date_gmt":"2025-06-06T18:32:09","guid":{"rendered":"https:\/\/kuratorium-kommende-lengmoos.com\/ritten\/?p=4276"},"modified":"2026-02-07T20:31:47","modified_gmt":"2026-02-07T18:31:47","slug":"barbara-natter-florales-06-06-28-06-2026","status":"publish","type":"post","link":"https:\/\/kuratorium-kommende-lengmoos.com\/ritten\/barbara-natter-florales-06-06-28-06-2026\/","title":{"rendered":"Barbara Natter: Florales  06.06. &#8211; 28.06.2026"},"content":{"rendered":"<div class=\"page\" title=\"Page 1\">\n<div class=\"section\">\n<div class=\"layoutArea\">\n<div class=\"column\">\n<div class=\"page\" title=\"Page 2\">\n<div class=\"section\">\n<div class=\"layoutArea\">\n<div class=\"column\">\n<div class=\"page\" title=\"Page 1\">\n<div class=\"section\">\n<div class=\"layoutArea\">\n<div class=\"column\">\n<div class=\"page\" title=\"Page 1\">\n<div class=\"section\">\n<div class=\"layoutArea\">\n<div class=\"column\">\n<div class=\"page\" title=\"Page 2\">\n<div class=\"layoutArea\">\n<div class=\"column\">\n<p style=\"font-weight: 400;\">Die Ausstellung <em>Florales<\/em> zeigt gro\u00dfformatige Bl\u00fctendarstellungen und farbintensive Portr\u00e4ts wei\u00dfer und schwarzer Menschen. Pflanzen und Gesichter treten in einen visuellen Dialog \u00fcber Sch\u00f6nheit, Wandel, Identit\u00e4t und Vielfalt.<br \/>\n<em>Florales<\/em> l\u00e4dt ein zum Innehalten, zum Hinschauen \u2013 und zum Erleben der Verbindung zwischen Mensch und Natur, Innen und Au\u00dfen, Kunst und Gef\u00fchl.<\/p>\n<\/div>\n<\/div>\n<\/div>\n<\/div>\n<\/div>\n<\/div>\n<\/div>\n<\/div>\n<\/div>\n<\/div>\n<\/div>\n<\/div>\n<\/div>\n<\/div>\n<\/div>\n<p><strong>Samstag, 06.06. - Sonntag, 28.06.2026<\/strong><\/p>\n<p><strong>Vernissage Samstag, 06.06.2026 - 17:00 Uhr<\/strong><\/p>\n<p><strong>\u00d6ffnungszeiten:\u00a0 Mi, Fr,\u00a0 Sa und So 16 - 18 Uhr\u00a0<\/strong><\/p>\n<\/div>\n<\/div>\n<\/div>\n<\/div>\n","protected":false},"excerpt":{"rendered":"Die Ausstellung Florales zeigt gro\u00dfformatige Bl\u00fctendarstellungen und farbintensive Portr\u00e4ts wei\u00dfer und schwarzer Menschen. Pflanzen...","protected":false},"author":3,"featured_media":4294,"comment_status":"closed","ping_status":"closed","sticky":false,"template":"","format":"gallery","meta":{"footnotes":""},"categories":[546,547,40],"tags":[101,544,545,48,72,313],"class_list":["post-4276","post","type-post","status-publish","format-gallery","has-post-thumbnail","hentry","category-546","category-ausstellungen-2026","category-frontpage","tag-ausstellung","tag-barbara-natters","tag-florales","tag-kommende-lengmoos","tag-kuratorium-kommende-lengmoos","tag-veranstaltungen-und-events-am-ritten","post_format-post-format-gallery","cat-546-id","cat-547-id","cat-40-id"],"publishpress_future_action":{"enabled":true,"date":"2026-06-30 20:32:00","action":"category-remove","newStatus":"private","terms":[40],"taxonomy":"category","extraData":[]},"publishpress_future_workflow_manual_trigger":{"enabledWorkflows":[]},"_links":{"self":[{"href":"https:\/\/kuratorium-kommende-lengmoos.com\/ritten\/wp-json\/wp\/v2\/posts\/4276","targetHints":{"allow":["GET"]}}],"collection":[{"href":"https:\/\/kuratorium-kommende-lengmoos.com\/ritten\/wp-json\/wp\/v2\/posts"}],"about":[{"href":"https:\/\/kuratorium-kommende-lengmoos.com\/ritten\/wp-json\/wp\/v2\/types\/post"}],"author":[{"embeddable":true,"href":"https:\/\/kuratorium-kommende-lengmoos.com\/ritten\/wp-json\/wp\/v2\/users\/3"}],"replies":[{"embeddable":true,"href":"https:\/\/kuratorium-kommende-lengmoos.com\/ritten\/wp-json\/wp\/v2\/comments?post=4276"}],"version-history":[{"count":2,"href":"https:\/\/kuratorium-kommende-lengmoos.com\/ritten\/wp-json\/wp\/v2\/posts\/4276\/revisions"}],"predecessor-version":[{"id":4307,"href":"https:\/\/kuratorium-kommende-lengmoos.com\/ritten\/wp-json\/wp\/v2\/posts\/4276\/revisions\/4307"}],"wp:featuredmedia":[{"embeddable":true,"href":"https:\/\/kuratorium-kommende-lengmoos.com\/ritten\/wp-json\/wp\/v2\/media\/4294"}],"wp:attachment":[{"href":"https:\/\/kuratorium-kommende-lengmoos.com\/ritten\/wp-json\/wp\/v2\/media?parent=4276"}],"wp:term":[{"taxonomy":"category","embeddable":true,"href":"https:\/\/kuratorium-kommende-lengmoos.com\/ritten\/wp-json\/wp\/v2\/categories?post=4276"},{"taxonomy":"post_tag","embeddable":true,"href":"https:\/\/kuratorium-kommende-lengmoos.com\/ritten\/wp-json\/wp\/v2\/tags?post=4276"}],"curies":[{"name":"wp","href":"https:\/\/api.w.org\/{rel}","templated":true}]}}