{"id":4300,"date":"2025-07-04T20:24:32","date_gmt":"2025-07-04T18:24:32","guid":{"rendered":"https:\/\/kuratorium-kommende-lengmoos.com\/ritten\/?p=4300"},"modified":"2026-02-12T09:52:59","modified_gmt":"2026-02-12T07:52:59","slug":"markus-valazza-zum-90-von-da-und-dort-04-07-26-07-2026","status":"publish","type":"post","link":"https:\/\/kuratorium-kommende-lengmoos.com\/ritten\/markus-valazza-zum-90-von-da-und-dort-04-07-26-07-2026\/","title":{"rendered":"Markus Valazza zum 90.: Von da und dort  04.07. &#8211; 26.07.2026"},"content":{"rendered":"<div class=\"page\" title=\"Page 1\">\n<div class=\"section\">\n<div class=\"layoutArea\">\n<div class=\"column\">\n<div class=\"page\" title=\"Page 2\">\n<div class=\"section\">\n<div class=\"layoutArea\">\n<div class=\"column\">\n<div class=\"page\" title=\"Page 1\">\n<div class=\"section\">\n<div class=\"layoutArea\">\n<div class=\"column\">\n<div class=\"page\" title=\"Page 1\">\n<div class=\"section\">\n<div class=\"layoutArea\">\n<div class=\"column\">\n<div class=\"page\" title=\"Page 2\">\n<div class=\"layoutArea\">\n<div class=\"column\">\n<p style=\"font-weight: 400;\">Anl\u00e4sslich des 90. Geburtstags des S\u00fcdtiroler K\u00fcnstlers Markus Vallazza (1936 \u2013 2019) zeigt die Kommende Lengmoos eine Auswahl aus dem Nachlass: Radierungen, Zeichnungen, Mischtechniken und \u00d6lbilder aus sechs Jahrzehnten einer intensiven k\u00fcnstlerischen Auseinandersetzung mit den Fragen des Menschseins.<\/p>\n<p style=\"font-weight: 400;\"><strong>Samstag, 04.07. \u2013 Sonntag, 26.07.2026<\/strong><\/p>\n<p style=\"font-weight: 400;\"><strong>\u00d6ffnungszeiten:\u00a0 Mi, Fr,\u00a0Sa und So 16 - 18 Uhr<\/strong><\/p>\n<p><strong>Ausstellung: Sa, 04.07. \u2013 17:00 Uhr: Vernissage<\/strong><\/p>\n<\/div>\n<\/div>\n<\/div>\n<\/div>\n<\/div>\n<\/div>\n<\/div>\n<\/div>\n<\/div>\n<\/div>\n<\/div>\n<\/div>\n<\/div>\n<\/div>\n<\/div>\n<\/div>\n<\/div>\n<\/div>\n<\/div>\n","protected":false},"excerpt":{"rendered":"Anl\u00e4sslich des 90. Geburtstags des S\u00fcdtiroler K\u00fcnstlers Markus Vallazza (1936 \u2013 2019) zeigt die Kommende Lengmoos eine Auswahl aus...","protected":false},"author":3,"featured_media":0,"comment_status":"closed","ping_status":"closed","sticky":false,"template":"","format":"gallery","meta":{"footnotes":""},"categories":[546,547,40],"tags":[101,48,72,563,313,564],"class_list":["post-4300","post","type-post","status-publish","format-gallery","hentry","category-546","category-ausstellungen-2026","category-frontpage","tag-ausstellung","tag-kommende-lengmoos","tag-kuratorium-kommende-lengmoos","tag-markus-valazza","tag-veranstaltungen-und-events-am-ritten","tag-von-da-und-dort","post_format-post-format-gallery","cat-546-id","cat-547-id","cat-40-id"],"publishpress_future_action":{"enabled":true,"date":"2026-07-29 20:40:55","action":"category-remove","newStatus":"private","terms":[40],"taxonomy":"category","extraData":[]},"publishpress_future_workflow_manual_trigger":{"enabledWorkflows":[]},"_links":{"self":[{"href":"https:\/\/kuratorium-kommende-lengmoos.com\/ritten\/wp-json\/wp\/v2\/posts\/4300","targetHints":{"allow":["GET"]}}],"collection":[{"href":"https:\/\/kuratorium-kommende-lengmoos.com\/ritten\/wp-json\/wp\/v2\/posts"}],"about":[{"href":"https:\/\/kuratorium-kommende-lengmoos.com\/ritten\/wp-json\/wp\/v2\/types\/post"}],"author":[{"embeddable":true,"href":"https:\/\/kuratorium-kommende-lengmoos.com\/ritten\/wp-json\/wp\/v2\/users\/3"}],"replies":[{"embeddable":true,"href":"https:\/\/kuratorium-kommende-lengmoos.com\/ritten\/wp-json\/wp\/v2\/comments?post=4300"}],"version-history":[{"count":1,"href":"https:\/\/kuratorium-kommende-lengmoos.com\/ritten\/wp-json\/wp\/v2\/posts\/4300\/revisions"}],"predecessor-version":[{"id":4303,"href":"https:\/\/kuratorium-kommende-lengmoos.com\/ritten\/wp-json\/wp\/v2\/posts\/4300\/revisions\/4303"}],"wp:attachment":[{"href":"https:\/\/kuratorium-kommende-lengmoos.com\/ritten\/wp-json\/wp\/v2\/media?parent=4300"}],"wp:term":[{"taxonomy":"category","embeddable":true,"href":"https:\/\/kuratorium-kommende-lengmoos.com\/ritten\/wp-json\/wp\/v2\/categories?post=4300"},{"taxonomy":"post_tag","embeddable":true,"href":"https:\/\/kuratorium-kommende-lengmoos.com\/ritten\/wp-json\/wp\/v2\/tags?post=4300"}],"curies":[{"name":"wp","href":"https:\/\/api.w.org\/{rel}","templated":true}]}}