{"id":4304,"date":"2025-07-11T20:26:20","date_gmt":"2025-07-11T18:26:20","guid":{"rendered":"https:\/\/kuratorium-kommende-lengmoos.com\/ritten\/?p=4304"},"modified":"2026-02-07T20:51:34","modified_gmt":"2026-02-07T18:51:34","slug":"der-kontrabass","status":"publish","type":"post","link":"https:\/\/kuratorium-kommende-lengmoos.com\/ritten\/der-kontrabass\/","title":{"rendered":"Der Kontrabass\u2026einmal anders\u2026"},"content":{"rendered":"<p style=\"font-weight: 400;\"><strong>Der Kontrabass \u2026einmal anders\u2026<br \/>\n<\/strong><em>Monolog eines alternden Kontrabassisten von Patrick S\u00fcskind<\/em><\/p>\n<p style=\"font-weight: 400;\">Eine 1\u00bd-st\u00fcndige konzertante Lesung anl\u00e4sslich des 75. Geburtstages eines mit allen Wassern gewaschenen Orchester-Kontrabassisten: Christian Sutter, bekannt als \u00abDer Poet am Kontrabass\u00bb \u2013 w\u00e4hrend 35 Jahren Solo-Kontrabassist im \u00abSinfonieorchester Basel\u00bb und seit der Gr\u00fcndung 1999 in der \u00abCappella Andrea Barca\u00bb von Sir Andr\u00e1s Schiff \u2013 ist vertraut mit den H\u00f6hen und Tiefen des Orchesteralltags. Er gew\u00e4hrt Einblick in seine im wahrsten Sinn des Wortes tiefgr\u00fcndige Musikerseele und in die Abgr\u00fcnde des Orchestergrabens. Er leidet an seiner ambivalenten Beziehung zum unsolistischsten und unhandlichsten Streichinstrument, das \u00fcberall im Wege steht, das man nicht tragen kann, sondern schleppen muss. Nichtsdestotrotz ist er nach all den Jahren immer noch felsenfest davon \u00fcberzeugt, das mit Abstand wichtigste Orchesterinstrument schlechthin zu spielen: den Kontrabass! Authentischer geht nicht!<\/p>\n<p style=\"font-weight: 400;\"><strong>Christian Sutter<\/strong> \u2013 Kontrabass, Lesung<\/p>\n","protected":false},"excerpt":{"rendered":"Eine 1\u00bd-st\u00fcndige konzertante Lesung anl\u00e4sslich des 75. Geburtstages eines mit allen Wassern gewaschenen Orchester-Kontrabassisten: Christian Sutter, bekannt als...","protected":false},"author":3,"featured_media":4305,"comment_status":"closed","ping_status":"closed","sticky":false,"template":"","format":"image","meta":{"footnotes":""},"categories":[546,40,548],"tags":[269,553,72,336,313],"class_list":["post-4304","post","type-post","status-publish","format-image","has-post-thumbnail","hentry","category-546","category-frontpage","category-konzerte-2026","tag-christian-sutter","tag-der-kontrabass","tag-kuratorium-kommende-lengmoos","tag-musik","tag-veranstaltungen-und-events-am-ritten","post_format-post-format-image","cat-546-id","cat-40-id","cat-548-id"],"publishpress_future_action":{"enabled":true,"date":"2026-07-17 20:26:20","action":"category-remove","newStatus":"private","terms":[40],"taxonomy":"category","extraData":[]},"publishpress_future_workflow_manual_trigger":{"enabledWorkflows":[]},"_links":{"self":[{"href":"https:\/\/kuratorium-kommende-lengmoos.com\/ritten\/wp-json\/wp\/v2\/posts\/4304","targetHints":{"allow":["GET"]}}],"collection":[{"href":"https:\/\/kuratorium-kommende-lengmoos.com\/ritten\/wp-json\/wp\/v2\/posts"}],"about":[{"href":"https:\/\/kuratorium-kommende-lengmoos.com\/ritten\/wp-json\/wp\/v2\/types\/post"}],"author":[{"embeddable":true,"href":"https:\/\/kuratorium-kommende-lengmoos.com\/ritten\/wp-json\/wp\/v2\/users\/3"}],"replies":[{"embeddable":true,"href":"https:\/\/kuratorium-kommende-lengmoos.com\/ritten\/wp-json\/wp\/v2\/comments?post=4304"}],"version-history":[{"count":2,"href":"https:\/\/kuratorium-kommende-lengmoos.com\/ritten\/wp-json\/wp\/v2\/posts\/4304\/revisions"}],"predecessor-version":[{"id":4312,"href":"https:\/\/kuratorium-kommende-lengmoos.com\/ritten\/wp-json\/wp\/v2\/posts\/4304\/revisions\/4312"}],"wp:featuredmedia":[{"embeddable":true,"href":"https:\/\/kuratorium-kommende-lengmoos.com\/ritten\/wp-json\/wp\/v2\/media\/4305"}],"wp:attachment":[{"href":"https:\/\/kuratorium-kommende-lengmoos.com\/ritten\/wp-json\/wp\/v2\/media?parent=4304"}],"wp:term":[{"taxonomy":"category","embeddable":true,"href":"https:\/\/kuratorium-kommende-lengmoos.com\/ritten\/wp-json\/wp\/v2\/categories?post=4304"},{"taxonomy":"post_tag","embeddable":true,"href":"https:\/\/kuratorium-kommende-lengmoos.com\/ritten\/wp-json\/wp\/v2\/tags?post=4304"}],"curies":[{"name":"wp","href":"https:\/\/api.w.org\/{rel}","templated":true}]}}