{"id":4316,"date":"2025-08-02T20:46:24","date_gmt":"2025-08-02T18:46:24","guid":{"rendered":"https:\/\/kuratorium-kommende-lengmoos.com\/ritten\/?p=4316"},"modified":"2026-02-12T09:51:36","modified_gmt":"2026-02-12T07:51:36","slug":"alaris-kostbarkeiten-der-musikgeschichte","status":"publish","type":"post","link":"https:\/\/kuratorium-kommende-lengmoos.com\/ritten\/alaris-kostbarkeiten-der-musikgeschichte\/","title":{"rendered":"Alaris: Kostbarkeiten der Musikgeschichte"},"content":{"rendered":"<p style=\"font-weight: 400;\"><strong>Alaris: Kostbarkeiten der Musikgeschichte<\/strong><\/p>\n<p style=\"font-weight: 400;\">Dem Alaris-Ensemble mit den beiden S\u00fcdtiroler Musikern Katharina Egger und Nathan Chizzali, ist es ein besonderes Anliegen, mit ihrer Leidenschaft f\u00fcr die Kammermusik immer wieder besondere Kostbarkeiten der Musikgeschichte zur Auff\u00fchrung zu bringen. Diesmal haben die vier Musiker ein Programm im Zeichen von Johannes Brahms einstudiert: das Klavierquartett Nr.1 in g-Moll op.25 gemeinsam mit besonderen Schmankerln von Brahms\u00b4 Zeitgenossen.<br \/>\nGetroffen haben sich die vier Musiker des \u201eAlaris-Ensemble\u201c an der \u201eHochschule f\u00fcr Musik und Theater\u201c M\u00fcnchen. Das gemeinsame Interesse an der Kammermusik brachte sie dazu in der Formation des Klavierquartetts zusammen zu arbeiten.<\/p>\n<p style=\"font-weight: 400;\"><strong>Ani<\/strong>\u00a0<strong>Takidse<\/strong> - Klavier<br \/>\n<strong>Amy<\/strong>\u00a0<strong>Park<\/strong> - Violine<br \/>\n<strong>Katharina<\/strong>\u00a0<strong>Egger<\/strong> - Viola<br \/>\n<strong>Nathan<\/strong>\u00a0<strong>Chizzali<\/strong> - Violoncello<\/p>\n","protected":false},"excerpt":{"rendered":"Dem Alaris-Ensemble mit den beiden S\u00fcdtiroler Musikern Katharina Egger und Nathan Chizzali, ist es ein besonderes Anliegen, mit ihrer Leidenschaft f\u00fcr...","protected":false},"author":3,"featured_media":4317,"comment_status":"closed","ping_status":"closed","sticky":false,"template":"","format":"image","meta":{"footnotes":""},"categories":[546,40,548],"tags":[561,158,159,157,72,336,130,313],"class_list":["post-4316","post","type-post","status-publish","format-image","has-post-thumbnail","hentry","category-546","category-frontpage","category-konzerte-2026","tag-alaris","tag-amy-park","tag-ani-takidse","tag-katharina-egger","tag-kuratorium-kommende-lengmoos","tag-musik","tag-nathan-chizzali","tag-veranstaltungen-und-events-am-ritten","post_format-post-format-image","cat-546-id","cat-40-id","cat-548-id"],"publishpress_future_action":{"enabled":true,"date":"2026-08-12 20:46:24","action":"category-remove","newStatus":"private","terms":[40],"taxonomy":"category","extraData":[]},"publishpress_future_workflow_manual_trigger":{"enabledWorkflows":[]},"_links":{"self":[{"href":"https:\/\/kuratorium-kommende-lengmoos.com\/ritten\/wp-json\/wp\/v2\/posts\/4316","targetHints":{"allow":["GET"]}}],"collection":[{"href":"https:\/\/kuratorium-kommende-lengmoos.com\/ritten\/wp-json\/wp\/v2\/posts"}],"about":[{"href":"https:\/\/kuratorium-kommende-lengmoos.com\/ritten\/wp-json\/wp\/v2\/types\/post"}],"author":[{"embeddable":true,"href":"https:\/\/kuratorium-kommende-lengmoos.com\/ritten\/wp-json\/wp\/v2\/users\/3"}],"replies":[{"embeddable":true,"href":"https:\/\/kuratorium-kommende-lengmoos.com\/ritten\/wp-json\/wp\/v2\/comments?post=4316"}],"version-history":[{"count":3,"href":"https:\/\/kuratorium-kommende-lengmoos.com\/ritten\/wp-json\/wp\/v2\/posts\/4316\/revisions"}],"predecessor-version":[{"id":4324,"href":"https:\/\/kuratorium-kommende-lengmoos.com\/ritten\/wp-json\/wp\/v2\/posts\/4316\/revisions\/4324"}],"wp:featuredmedia":[{"embeddable":true,"href":"https:\/\/kuratorium-kommende-lengmoos.com\/ritten\/wp-json\/wp\/v2\/media\/4317"}],"wp:attachment":[{"href":"https:\/\/kuratorium-kommende-lengmoos.com\/ritten\/wp-json\/wp\/v2\/media?parent=4316"}],"wp:term":[{"taxonomy":"category","embeddable":true,"href":"https:\/\/kuratorium-kommende-lengmoos.com\/ritten\/wp-json\/wp\/v2\/categories?post=4316"},{"taxonomy":"post_tag","embeddable":true,"href":"https:\/\/kuratorium-kommende-lengmoos.com\/ritten\/wp-json\/wp\/v2\/tags?post=4316"}],"curies":[{"name":"wp","href":"https:\/\/api.w.org\/{rel}","templated":true}]}}