{"id":4319,"date":"2025-08-08T09:44:56","date_gmt":"2025-08-08T07:44:56","guid":{"rendered":"https:\/\/kuratorium-kommende-lengmoos.com\/ritten\/?p=4319"},"modified":"2026-02-12T09:49:38","modified_gmt":"2026-02-12T07:49:38","slug":"gutta-lageder-08-08-30-08-2026","status":"publish","type":"post","link":"https:\/\/kuratorium-kommende-lengmoos.com\/ritten\/gutta-lageder-08-08-30-08-2026\/","title":{"rendered":"Gutta Lageder 08.08. &#8211; 30.08.2026"},"content":{"rendered":"<div class=\"page\" title=\"Page 1\">\n<div class=\"section\">\n<div class=\"layoutArea\">\n<div class=\"column\">\n<div class=\"page\" title=\"Page 2\">\n<div class=\"section\">\n<div class=\"layoutArea\">\n<div class=\"column\">\n<div class=\"page\" title=\"Page 1\">\n<div class=\"section\">\n<div class=\"layoutArea\">\n<div class=\"column\">\n<div class=\"page\" title=\"Page 1\">\n<div class=\"section\">\n<div class=\"layoutArea\">\n<div class=\"column\">\n<div class=\"page\" title=\"Page 2\">\n<div class=\"layoutArea\">\n<div class=\"column\">\n<p style=\"font-weight: 400;\">Die Ausstellung in der Kommende Lengmoos zeigt Werke,in denen sich vielschichtige Materialien und Farbschichten \u00fcberlagern. Die Arbeiten thematisieren Ver\u00e4nderung, Zeit und den sichtbaren Prozess des Entstehens. Schicht f\u00fcr Schicht entwickeln sich dynamische Bildr\u00e4ume, in denen Spuren, \u00dcbermalungen und Verdichtungen erfahrbar werden.<br \/>\nGutta Lageder, in Bozen geboren, studierte an den Kunst-Akademien in Wien und Perugia Malerei und B\u00fchnenbild, arbeitete viele Jahre als B\u00fchnenbildnerin in renommierten Theatern in M\u00fcnchen, Wien, Hannover und anderen deutschen St\u00e4dten. Sie lebt seit ca. 40 Jahren in M\u00fcnchen, arbeitet inzwischen ausschlie\u00dflich als freie Malerin und stellt regelm\u00e4\u00dfig im M\u00fcnchner Gro\u00dfraum aus.<\/p>\n<p style=\"font-weight: 400;\"><strong>Samstag, 08.08. \u2013 Sonntag, 30.08.2026<\/strong><\/p>\n<p style=\"font-weight: 400;\"><strong>\u00d6ffnungszeiten:\u00a0 Mi, Fr,\u00a0Sa und So 16 - 18 Uhr<\/strong><\/p>\n<p><strong>Ausstellung: Sa, 08.08. \u2013 17:00 Uhr: Vernissage<\/strong><\/p>\n<\/div>\n<\/div>\n<\/div>\n<\/div>\n<\/div>\n<\/div>\n<\/div>\n<\/div>\n<\/div>\n<\/div>\n<\/div>\n<\/div>\n<\/div>\n<\/div>\n<\/div>\n<\/div>\n<\/div>\n<\/div>\n<\/div>\n","protected":false},"excerpt":{"rendered":"Die Ausstellung in der Kommende Lengmoos zeigt Werke,in denen sich vielschichtige Materialien und Farbschichten \u00fcberlagern. Die Arbeiten thematisieren...","protected":false},"author":3,"featured_media":4321,"comment_status":"closed","ping_status":"closed","sticky":false,"template":"","format":"gallery","meta":{"footnotes":""},"categories":[546,547,40],"tags":[101,562,48,72,313],"class_list":["post-4319","post","type-post","status-publish","format-gallery","has-post-thumbnail","hentry","category-546","category-ausstellungen-2026","category-frontpage","tag-ausstellung","tag-gutta-lageder","tag-kommende-lengmoos","tag-kuratorium-kommende-lengmoos","tag-veranstaltungen-und-events-am-ritten","post_format-post-format-gallery","cat-546-id","cat-547-id","cat-40-id"],"publishpress_future_action":{"enabled":true,"date":"2026-09-03 09:44:56","action":"category-remove","newStatus":"private","terms":[40],"taxonomy":"category","extraData":[]},"publishpress_future_workflow_manual_trigger":{"enabledWorkflows":[]},"_links":{"self":[{"href":"https:\/\/kuratorium-kommende-lengmoos.com\/ritten\/wp-json\/wp\/v2\/posts\/4319","targetHints":{"allow":["GET"]}}],"collection":[{"href":"https:\/\/kuratorium-kommende-lengmoos.com\/ritten\/wp-json\/wp\/v2\/posts"}],"about":[{"href":"https:\/\/kuratorium-kommende-lengmoos.com\/ritten\/wp-json\/wp\/v2\/types\/post"}],"author":[{"embeddable":true,"href":"https:\/\/kuratorium-kommende-lengmoos.com\/ritten\/wp-json\/wp\/v2\/users\/3"}],"replies":[{"embeddable":true,"href":"https:\/\/kuratorium-kommende-lengmoos.com\/ritten\/wp-json\/wp\/v2\/comments?post=4319"}],"version-history":[{"count":1,"href":"https:\/\/kuratorium-kommende-lengmoos.com\/ritten\/wp-json\/wp\/v2\/posts\/4319\/revisions"}],"predecessor-version":[{"id":4322,"href":"https:\/\/kuratorium-kommende-lengmoos.com\/ritten\/wp-json\/wp\/v2\/posts\/4319\/revisions\/4322"}],"wp:featuredmedia":[{"embeddable":true,"href":"https:\/\/kuratorium-kommende-lengmoos.com\/ritten\/wp-json\/wp\/v2\/media\/4321"}],"wp:attachment":[{"href":"https:\/\/kuratorium-kommende-lengmoos.com\/ritten\/wp-json\/wp\/v2\/media?parent=4319"}],"wp:term":[{"taxonomy":"category","embeddable":true,"href":"https:\/\/kuratorium-kommende-lengmoos.com\/ritten\/wp-json\/wp\/v2\/categories?post=4319"},{"taxonomy":"post_tag","embeddable":true,"href":"https:\/\/kuratorium-kommende-lengmoos.com\/ritten\/wp-json\/wp\/v2\/tags?post=4319"}],"curies":[{"name":"wp","href":"https:\/\/api.w.org\/{rel}","templated":true}]}}