{"id":4335,"date":"2025-09-05T14:13:34","date_gmt":"2025-09-05T12:13:34","guid":{"rendered":"https:\/\/kuratorium-kommende-lengmoos.com\/ritten\/?p=4335"},"modified":"2026-02-12T14:24:15","modified_gmt":"2026-02-12T12:24:15","slug":"stimme-aus-der-ferne","status":"publish","type":"post","link":"https:\/\/kuratorium-kommende-lengmoos.com\/ritten\/stimme-aus-der-ferne\/","title":{"rendered":"Stimme aus der Ferne"},"content":{"rendered":"<p style=\"font-weight: 400;\"><strong>Stimme aus der Ferne<br \/>\n<\/strong><em>Clara und Robert Schumanns Liebe<\/em><\/p>\n<p style=\"font-weight: 400;\">Eine Konzertlesung<\/p>\n<p style=\"font-weight: 400;\">Zwei Liebende, weit voneinander entfernt, k\u00f6nnen miteinander nur heimlich kommunizieren. Jahrelang k\u00e4mpfen Clara und Robert Schumann um die Einwilligung von Claras Vater zu ihrer Heirat und kommunizieren zwischen 1838 und 1840 nahezu t\u00e4glich in unz\u00e4hligen Briefen. Auch in Klavierst\u00fccken beziehen sich die Verlobten musikalisch h\u00f6chst subtil aufeinander und senden sich so heimlich Liebesbotschaften zu. Im Konzertprojekt <em>Stimme aus der Ferne<\/em> von Catalina Butcaru wird man Zeuge dieser Liebe zwischen Clara und Robert Schumann. Dabei steht die Musik im Vordergrund, wie bei den beiden, die unentwegt Klavier spielten und komponierten, jedoch erh\u00e4lt der literarische Teil einen beachtlichen Raum. Die Auff\u00fchrung ist mit vielen wunderbaren und wenig bekannten Details gespickt, so dass auch echte KennerInnen des Klaviers oder der Klassik dabei durchaus ihren Spa\u00df haben.<\/p>\n<p><strong>Catalina Butcaru<\/strong> - Klavier<br \/>\n<strong>Chiara Visca<\/strong> - Lesung auf Italienisch (Clara)<br \/>\n<strong>Christian Mair<\/strong> - Lesung auf Deutsch (Robert)<\/p>\n","protected":false},"excerpt":{"rendered":"Zwei Liebende, weit voneinander entfernt, k\u00f6nnen miteinander nur heimlich kommunizieren. Jahrelang k\u00e4mpfen Clara und Robert Schumann um die Einwilligung von Claras Vater zu ihrer Heirat und kommunizieren...","protected":false},"author":3,"featured_media":4336,"comment_status":"closed","ping_status":"closed","sticky":false,"template":"","format":"image","meta":{"footnotes":""},"categories":[546,40,548],"tags":[360,573,277,575,72,336,576,574,313],"class_list":["post-4335","post","type-post","status-publish","format-image","has-post-thumbnail","hentry","category-546","category-frontpage","category-konzerte-2026","tag-catalina-butcaru","tag-chiara-visca","tag-christian-mair","tag-clara-schumann","tag-kuratorium-kommende-lengmoos","tag-musik","tag-robert-schumann","tag-stimme-aus-der-ferne","tag-veranstaltungen-und-events-am-ritten","post_format-post-format-image","cat-546-id","cat-40-id","cat-548-id"],"publishpress_future_action":{"enabled":true,"date":"2026-09-10 14:13:00","action":"category-remove","newStatus":"private","terms":[40],"taxonomy":"category","extraData":[]},"publishpress_future_workflow_manual_trigger":{"enabledWorkflows":[]},"_links":{"self":[{"href":"https:\/\/kuratorium-kommende-lengmoos.com\/ritten\/wp-json\/wp\/v2\/posts\/4335","targetHints":{"allow":["GET"]}}],"collection":[{"href":"https:\/\/kuratorium-kommende-lengmoos.com\/ritten\/wp-json\/wp\/v2\/posts"}],"about":[{"href":"https:\/\/kuratorium-kommende-lengmoos.com\/ritten\/wp-json\/wp\/v2\/types\/post"}],"author":[{"embeddable":true,"href":"https:\/\/kuratorium-kommende-lengmoos.com\/ritten\/wp-json\/wp\/v2\/users\/3"}],"replies":[{"embeddable":true,"href":"https:\/\/kuratorium-kommende-lengmoos.com\/ritten\/wp-json\/wp\/v2\/comments?post=4335"}],"version-history":[{"count":1,"href":"https:\/\/kuratorium-kommende-lengmoos.com\/ritten\/wp-json\/wp\/v2\/posts\/4335\/revisions"}],"predecessor-version":[{"id":4337,"href":"https:\/\/kuratorium-kommende-lengmoos.com\/ritten\/wp-json\/wp\/v2\/posts\/4335\/revisions\/4337"}],"wp:featuredmedia":[{"embeddable":true,"href":"https:\/\/kuratorium-kommende-lengmoos.com\/ritten\/wp-json\/wp\/v2\/media\/4336"}],"wp:attachment":[{"href":"https:\/\/kuratorium-kommende-lengmoos.com\/ritten\/wp-json\/wp\/v2\/media?parent=4335"}],"wp:term":[{"taxonomy":"category","embeddable":true,"href":"https:\/\/kuratorium-kommende-lengmoos.com\/ritten\/wp-json\/wp\/v2\/categories?post=4335"},{"taxonomy":"post_tag","embeddable":true,"href":"https:\/\/kuratorium-kommende-lengmoos.com\/ritten\/wp-json\/wp\/v2\/tags?post=4335"}],"curies":[{"name":"wp","href":"https:\/\/api.w.org\/{rel}","templated":true}]}}